{"id":4722,"__str__":"Parecer - Parecer Meio Ambiente de 27/10/2025 por COMISS\u00c3O DE EDUCA\u00c7\u00c3O, SA\u00daDE, TURISMO, MEIO AMBIENTE E DEFESA DOS DIREITOS HUMANOS","link_detail_backend":"/materia/documentoacessorio/4722","metadata":{"signs":{"arquivo":{"admin":[],"autores":[["Ana Ruth Laine Gontijo",["2025-10-27T14:42:27-03:00","ICP-Brasil"]],["Janeany Cristina de Castro Almeida",["2025-10-27T14:49:34-03:00","ICP-Brasil"]],["Mauro Aparecido Candido",["2025-10-27T14:49:55-03:00","ICP-Brasil"]]]}}},"nome":"Parecer Meio Ambiente","data":"2025-10-27","autor":"COMISS\u00c3O DE EDUCA\u00c7\u00c3O, SA\u00daDE, TURISMO, MEIO AMBIENTE E DEFESA DOS DIREITOS HUMANOS","ementa":"","indexacao":"","arquivo":"http://sapl.lagoadaprata.mg.leg.br/media/sapl/public/documentoacessorio/2025/4722/parecer_meio_ambiente_-_plc_cm_7-2025_-_delimita_area_urbana_consolidada_-_joao_pedro_e_tuty.pdf","data_ultima_atualizacao":"2025-10-27T15:39:51.033797-03:00","materia":8712,"tipo":1}