{"id":4760,"__str__":"Parecer - Parecer Legisla\u00e7\u00e3o de 10/11/2025 por COMISS\u00c3O DE LEGISLA\u00c7\u00c3O, JUSTI\u00c7A E REDA\u00c7\u00c3O","link_detail_backend":"/materia/documentoacessorio/4760","metadata":{"signs":{"arquivo":{"admin":[],"autores":[["Elias Marcio Jose",["2025-11-10T13:16:03-03:00","ICP-Brasil"]],["Janeany Cristina de Castro Almeida",["2025-11-10T13:15:34-03:00","ICP-Brasil"]],["Sonia Antonia Dias Tavares",["2025-11-10T13:15:49-03:00","ICP-Brasil"]]]}}},"nome":"Parecer Legisla\u00e7\u00e3o","data":"2025-11-10","autor":"COMISS\u00c3O DE LEGISLA\u00c7\u00c3O, JUSTI\u00c7A E REDA\u00c7\u00c3O","ementa":"","indexacao":"","arquivo":"http://sapl.lagoadaprata.mg.leg.br/media/sapl/public/documentoacessorio/2025/4760/parecer_legislacao_-_pl_cm_20-2025_-_semana_da_consciencia_negra.pdf","data_ultima_atualizacao":"2025-11-10T13:38:58.834392-03:00","materia":8741,"tipo":1}