{"id":4976,"__str__":"Parecer - Parecer de Finan\u00e7as de 26/01/2026 por Comiss\u00e3o de Finan\u00e7as, Or\u00e7amento, Tomada de Contas, Obras e Servi\u00e7o P\u00fablico","link_detail_backend":"/materia/documentoacessorio/4976","metadata":{"signs":{"arquivo":{"admin":[],"autores":[["Carla Soares de Andrade",["2026-01-26T14:59:42-03:00","ICP-Brasil - AC SyngularID Multipla"]],["Francisco de Assis Silva",["2026-01-26T14:59:27-03:00","ICP-Brasil - AC SyngularID Multipla"]],["Joao Pedro Morais",["2026-01-26T14:56:22-03:00","Gov-Br"]]]}}},"nome":"Parecer de Finan\u00e7as","data":"2026-01-26","autor":"Comiss\u00e3o de Finan\u00e7as, Or\u00e7amento, Tomada de Contas, Obras e Servi\u00e7o P\u00fablico","ementa":"","indexacao":"","arquivo":"http://sapl.lagoadaprata.mg.leg.br/media/sapl/public/documentoacessorio/2026/4976/parecer_financas_-_pl_cm_001-2026_-_revisao_e_reajuste_empregados_da_camara.pdf","data_ultima_atualizacao":"2026-01-26T17:21:54.793478-03:00","materia":8798,"tipo":1}