{"id":1327,"__str__":"Indica\u00e7\u00e3o n\u00ba 201 de 2005","link_detail_backend":"/materia/1327","metadata":{},"numero":201,"ano":2005,"numero_protocolo":null,"data_apresentacao":"2005-08-22","tipo_apresentacao":"E","data_publicacao":null,"numero_origem_externa":"","ano_origem_externa":null,"data_origem_externa":null,"apelido":"","dias_prazo":null,"data_fim_prazo":null,"em_tramitacao":false,"polemica":null,"objeto":"","complementar":null,"ementa":"INDICA A VOSSA EXCEL\u00caNCIA, NA FORMA REGIMENTAL, QUE JUNTAMENTE COM A MESA DIRETORA ESTUDE A POSSIBILIDADE DE APRESENTAR O PROJETO DE RESOLU\u00c7\u00c3O ANEXO, PARA QUE ESTA CASA DE LEIS SEJA FILIADA \u00c0 ASSOCIA\u00c7\u00c3O DAS C\u00c2MARAS MUNICIPAIS DO CENTRO OESTE DE MINAS - ACAM/CENTRO-OESTE, ENTIDADE DE CLASSE DEVIDAMENTE CONSTITU\u00cdDA E QUE POSSUI EM SUA ATUAL DIRETORIA, 2 VEREADORES DE LAGOA DA PRATA: GEN\u00c9SIO MAGALH\u00c3ES DOS SANTOS - SECRET\u00c1RIO, E, NARC\u00cdZIO DA CRUZ NAZA FERREIRA - DIRETOR DA REGIONAL I.","indexacao":"INDICA A VOSSA EXCEL\u00caNCIA, NA FORMA REGIMENTAL, QUE JUNTAMENTE COM A MESA DIRETORA ESTUDE A POSSIBILIDADE DE APRESENTAR O PROJETO DE RESOLU\u00c7\u00c3O ANEXO, PARA QUE ESTA CASA DE LEIS SEJA FILIADA \u00c0 ASSOCIA\u00c7\u00c3O DAS C\u00c2MARAS MUNICIPAIS DO CENTRO OESTE DE MINAS - ACAM/CENTRO-OESTE, ENTIDADE DE CLASSE DEVIDAMENTE CONSTITU\u00cdDA E QUE POSSUI EM SUA ATUAL DIRETORIA, 2 VEREADORES DE LAGOA DA PRATA: GEN\u00c9SIO MAGALH\u00c3ES DOS SANTOS - SECRET\u00c1RIO, E, NARC\u00cdZIO DA CRUZ NAZA FERREIRA - DIRETOR DA REGIONAL I.","observacao":"","resultado":"","texto_original":"http://sapl.lagoadaprata.mg.leg.br/media/sapl/public/materialegislativa/2005/1327/1327_texto_integral.doc","data_ultima_atualizacao":"2018-07-24T14:23:48.834837-03:00","ip":"","ultima_edicao":null,"tipo":8,"regime_tramitacao":1,"tipo_origem_externa":null,"local_origem_externa":null,"user":null,"anexadas":[],"autores":[2]}