{"id":1479,"__str__":"Mo\u00e7\u00e3o n\u00ba 16 de 2005","link_detail_backend":"/materia/1479","metadata":{},"numero":16,"ano":2005,"numero_protocolo":null,"data_apresentacao":"2005-08-01","tipo_apresentacao":"E","data_publicacao":null,"numero_origem_externa":"","ano_origem_externa":null,"data_origem_externa":null,"apelido":"","dias_prazo":null,"data_fim_prazo":null,"em_tramitacao":false,"polemica":null,"objeto":"","complementar":null,"ementa":"MO\u00c7\u00c3O DE APLAUSO, A SRA. ANA GOMES MACIEL (ANA DO ELI), CIDAD\u00c3 DE ORIGEM PORTUGUESA, MAS BRASILEIRA DE CORA\u00c7\u00c3O, UMA DAS FUNDADORAS DO SERVI\u00c7O DE OBRAS SOCIAIS \u2013 SOS, SENDO UMA DAS MAIS SIGNIFICATIVAS INSTITUI\u00c7\u00d5ES FILANTR\u00d3PICAS DO CENTRO-OESTE MINEIRO. ","indexacao":"MO\u00c7\u00c3O DE APLAUSO, A SRA. ANA GOMES MACIEL (ANA DO ELI), CIDAD\u00c3 DE ORIGEM PORTUGUESA, MAS BRASILEIRA DE CORA\u00c7\u00c3O, UMA DAS FUNDADORAS DO SERVI\u00c7O DE OBRAS SOCIAIS \u2013 SOS, SENDO UMA DAS MAIS SIGNIFICATIVAS INSTITUI\u00c7\u00d5ES FILANTR\u00d3PICAS DO CENTRO-OESTE MINEIRO. ","observacao":"","resultado":"","texto_original":"http://sapl.lagoadaprata.mg.leg.br/media/sapl/public/materialegislativa/2005/1479/1479_texto_integral.doc","data_ultima_atualizacao":"2018-07-24T14:23:46.990544-03:00","ip":"","ultima_edicao":null,"tipo":7,"regime_tramitacao":1,"tipo_origem_externa":null,"local_origem_externa":null,"user":null,"anexadas":[],"autores":[2]}