{"id":1760,"__str__":"Requerimento n\u00ba 122 de 2006","link_detail_backend":"/materia/1760","metadata":{},"numero":122,"ano":2006,"numero_protocolo":null,"data_apresentacao":"2006-06-05","tipo_apresentacao":"E","data_publicacao":null,"numero_origem_externa":"","ano_origem_externa":null,"data_origem_externa":null,"apelido":"","dias_prazo":null,"data_fim_prazo":null,"em_tramitacao":false,"polemica":null,"objeto":"","complementar":null,"ementa":"REQUER A VOSSA EXCEL\u00caNCIA, SEJA ENVIADO OF\u00cdCIO AO CHEFE DO PODER EXECUTIVO MUNICIPAL, SOLICITANDO AO MESMO QUE INFORME A ESTA CASA, OS MOTIVOS PELOS QUAIS AINDA N\u00c3O DETERMINOU AO SETOR COMPETENTE A PINTURA DAS PLACAS INDICATIVAS EM FRENTE AO CENTRO DE ESPECIALIDADES ODONTOL\u00d3GICAS \u2013 CEO E N\u00daCLEO DE ATEN\u00c7\u00c3O \u00c0 SA\u00daDE MENTAL, CONFORME INDICADO POR ESTA CASA DE LEIS.","indexacao":"REQUER A VOSSA EXCEL\u00caNCIA, SEJA ENVIADO OF\u00cdCIO AO CHEFE DO PODER EXECUTIVO MUNICIPAL, SOLICITANDO AO MESMO QUE INFORME A ESTA CASA, OS MOTIVOS PELOS QUAIS AINDA N\u00c3O DETERMINOU AO SETOR COMPETENTE A PINTURA DAS PLACAS INDICATIVAS EM FRENTE AO CENTRO DE ESPECIALIDADES ODONTOL\u00d3GICAS \u2013 CEO E N\u00daCLEO DE ATEN\u00c7\u00c3O \u00c0 SA\u00daDE MENTAL, CONFORME INDICADO POR ESTA CASA DE LEIS.","observacao":"","resultado":"","texto_original":null,"data_ultima_atualizacao":"2018-07-24T14:23:17.041706-03:00","ip":"","ultima_edicao":null,"tipo":3,"regime_tramitacao":1,"tipo_origem_externa":null,"local_origem_externa":null,"user":null,"anexadas":[],"autores":[3]}