{"id":1803,"__str__":"Requerimento n\u00ba 165 de 2006","link_detail_backend":"/materia/1803","metadata":{},"numero":165,"ano":2006,"numero_protocolo":null,"data_apresentacao":"2006-08-14","tipo_apresentacao":"E","data_publicacao":null,"numero_origem_externa":"","ano_origem_externa":null,"data_origem_externa":null,"apelido":"","dias_prazo":null,"data_fim_prazo":null,"em_tramitacao":false,"polemica":null,"objeto":"","complementar":null,"ementa":"REQUER A VOSSA EXCEL\u00caNCIA, NA FORMA REGIMENTAL, SEJA ENVIADO OF\u00cdCIO AO CHEFE DO PODER EXECUTIVO MUNICIPAL, SOLICITANDO AO MESMO, QUE INFORME A ESTA CASA, SE H\u00c1 POSSIBILIDADES DE SE CONSTRUIR BUSTOS EM PRA\u00c7A P\u00daBLICA, DOS EX COMBATENTES BRASILEIROS NASCIDOS OU QUE RESIDIRAM OU RESIDEM EM LAGOA DA PRATA, OS QUAIS REPRESENTARAM NOSSA P\u00c1TRIA NA SEGUNDA GUERRA MUNDIAL.","indexacao":"REQUER A VOSSA EXCEL\u00caNCIA, NA FORMA REGIMENTAL, SEJA ENVIADO OF\u00cdCIO AO CHEFE DO PODER EXECUTIVO MUNICIPAL, SOLICITANDO AO MESMO, QUE INFORME A ESTA CASA, SE H\u00c1 POSSIBILIDADES DE SE CONSTRUIR BUSTOS EM PRA\u00c7A P\u00daBLICA, DOS EX COMBATENTES BRASILEIROS NASCIDOS OU QUE RESIDIRAM OU RESIDEM EM LAGOA DA PRATA, OS QUAIS REPRESENTARAM NOSSA P\u00c1TRIA NA SEGUNDA GUERRA MUNDIAL.","observacao":"","resultado":"","texto_original":null,"data_ultima_atualizacao":"2018-07-24T14:23:17.046231-03:00","ip":"","ultima_edicao":null,"tipo":3,"regime_tramitacao":1,"tipo_origem_externa":null,"local_origem_externa":null,"user":null,"anexadas":[],"autores":[2]}