{"id":1850,"__str__":"Requerimento n\u00ba 213 de 2006","link_detail_backend":"/materia/1850","metadata":{},"numero":213,"ano":2006,"numero_protocolo":null,"data_apresentacao":"2006-10-02","tipo_apresentacao":"E","data_publicacao":null,"numero_origem_externa":"","ano_origem_externa":null,"data_origem_externa":null,"apelido":"","dias_prazo":null,"data_fim_prazo":null,"em_tramitacao":false,"polemica":null,"objeto":"","complementar":null,"ementa":"REQUER A VOSSA EXCEL\u00caNCIA, QUE SEJA ENVIADO OF\u00cdCIO AO EXECUTIVO MUNICIPAL, CONVOCANDO O CHEFE DO CENTRO DE ESPECIALIDADES ODONTOL\u00d3GICAS - CEO EM LAGOA DA PRATA, DR. EDMILSON ALMIDES DOS SANTOS, PARA QUE VENHA NESTA CASA NA REUNI\u00c3O ORDIN\u00c1RIA DO DIA 16 DE OUTUBRO PARA ESCLARECER AOS VEREADORES E POPULA\u00c7\u00c3O EM GERAL A RESPEITO DE PR\u00d3TESE DENT\u00c1RIA, OFERECIDAS NO CEO. ","indexacao":"REQUER A VOSSA EXCEL\u00caNCIA, QUE SEJA ENVIADO OF\u00cdCIO AO EXECUTIVO MUNICIPAL, CONVOCANDO O CHEFE DO CENTRO DE ESPECIALIDADES ODONTOL\u00d3GICAS - CEO EM LAGOA DA PRATA, DR. EDMILSON ALMIDES DOS SANTOS, PARA QUE VENHA NESTA CASA NA REUNI\u00c3O ORDIN\u00c1RIA DO DIA 16 DE OUTUBRO PARA ESCLARECER AOS VEREADORES E POPULA\u00c7\u00c3O EM GERAL A RESPEITO DE PR\u00d3TESE DENT\u00c1RIA, OFERECIDAS NO CEO. ","observacao":"","resultado":"","texto_original":null,"data_ultima_atualizacao":"2018-07-24T14:23:17.051289-03:00","ip":"","ultima_edicao":null,"tipo":3,"regime_tramitacao":1,"tipo_origem_externa":null,"local_origem_externa":null,"user":null,"anexadas":[],"autores":[2]}