{"id":1914,"__str__":"Requerimento n\u00ba 277 de 2006","link_detail_backend":"/materia/1914","metadata":{},"numero":277,"ano":2006,"numero_protocolo":null,"data_apresentacao":"2006-12-11","tipo_apresentacao":"E","data_publicacao":null,"numero_origem_externa":"","ano_origem_externa":null,"data_origem_externa":null,"apelido":"","dias_prazo":null,"data_fim_prazo":null,"em_tramitacao":false,"polemica":null,"objeto":"","complementar":null,"ementa":"REQUER A VOSSA EXCEL\u00caNCIA, SEJA ENVIADO OF\u00cdCIO AO CHEFE DO PODER EXECUTIVO MUNICIPAL  SOLICITANDO AO MESMO QUE ESTUDE A POSSIBILIDADE DE SE ENVIAR AO PRESIDENTE DA ASSEMBL\u00c9IA LEGISLATIVA DE MINAS GERAIS, DEPUTADO ESTADUAL, MAURI TORRES, BEM COMO, DEPUTADO ESTADUAL DOMINGOS S\u00c1VIO, E AINDA, AO PRESIDENTE DA ASSOCIA\u00c7\u00c3O DAS C\u00c2MARAS MUNICIPAIS DO CENTRO-OESTE DE MINAS GERAIS \u2013 ACAM, VLADIMIR DE FARIA AZEVEDO, OF\u00cdCIO MANIFESTANDO A CONCORD\u00c2NCIA DA ADMINISTRA\u00c7\u00c3O MUNICIPAL QUANTO AO RECEBIMENTO DO SINAL DA TV ASSEMBL\u00c9IA.   ","indexacao":"REQUER A VOSSA EXCEL\u00caNCIA, SEJA ENVIADO OF\u00cdCIO AO CHEFE DO PODER EXECUTIVO MUNICIPAL  SOLICITANDO AO MESMO QUE ESTUDE A POSSIBILIDADE DE SE ENVIAR AO PRESIDENTE DA ASSEMBL\u00c9IA LEGISLATIVA DE MINAS GERAIS, DEPUTADO ESTADUAL, MAURI TORRES, BEM COMO, DEPUTADO ESTADUAL DOMINGOS S\u00c1VIO, E AINDA, AO PRESIDENTE DA ASSOCIA\u00c7\u00c3O DAS C\u00c2MARAS MUNICIPAIS DO CENTRO-OESTE DE MINAS GERAIS \u2013 ACAM, VLADIMIR DE FARIA AZEVEDO, OF\u00cdCIO MANIFESTANDO A CONCORD\u00c2NCIA DA ADMINISTRA\u00c7\u00c3O MUNICIPAL QUANTO AO RECEBIMENTO DO SINAL DA TV ASSEMBL\u00c9IA.   ","observacao":"","resultado":"","texto_original":null,"data_ultima_atualizacao":"2018-07-24T14:23:17.058055-03:00","ip":"","ultima_edicao":null,"tipo":3,"regime_tramitacao":1,"tipo_origem_externa":null,"local_origem_externa":null,"user":null,"anexadas":[],"autores":[3]}