{"id":2016,"__str__":"Indica\u00e7\u00e3o n\u00ba 121 de 2006","link_detail_backend":"/materia/2016","metadata":{},"numero":121,"ano":2006,"numero_protocolo":null,"data_apresentacao":"2006-06-12","tipo_apresentacao":"E","data_publicacao":null,"numero_origem_externa":"","ano_origem_externa":null,"data_origem_externa":null,"apelido":"","dias_prazo":null,"data_fim_prazo":null,"em_tramitacao":false,"polemica":null,"objeto":"","complementar":null,"ementa":"INDICA AO EXECUTIVO MUNICIPAL, NA FORMA REGIMENTAL, A NECESSIDADE DE SE DETERMINAR A CAPINA E RETIRADA DO MATO SECO DEBAIXO DAS \u00c1RVORES SITUADAS NO PARQUE ECOL\u00d3GICO ENTRE A LAGOA E A AVENIDA DR. ANT\u00d4NIO LUCIANO PEREIRA FILHO, NO BAIRRO CEL. LUCIANO, DESTA CIDADE.  ","indexacao":"INDICA AO EXECUTIVO MUNICIPAL, NA FORMA REGIMENTAL, A NECESSIDADE DE SE DETERMINAR A CAPINA E RETIRADA DO MATO SECO DEBAIXO DAS \u00c1RVORES SITUADAS NO PARQUE ECOL\u00d3GICO ENTRE A LAGOA E A AVENIDA DR. ANT\u00d4NIO LUCIANO PEREIRA FILHO, NO BAIRRO CEL. LUCIANO, DESTA CIDADE.  ","observacao":"","resultado":"","texto_original":"http://sapl.lagoadaprata.mg.leg.br/media/sapl/public/materialegislativa/2006/2016/2016_texto_integral.doc","data_ultima_atualizacao":"2018-07-24T14:23:44.941884-03:00","ip":"","ultima_edicao":null,"tipo":8,"regime_tramitacao":1,"tipo_origem_externa":null,"local_origem_externa":null,"user":null,"anexadas":[],"autores":[4]}