{"id":2047,"__str__":"Indica\u00e7\u00e3o n\u00ba 153 de 2006","link_detail_backend":"/materia/2047","metadata":{},"numero":153,"ano":2006,"numero_protocolo":null,"data_apresentacao":"2006-08-07","tipo_apresentacao":"E","data_publicacao":null,"numero_origem_externa":"","ano_origem_externa":null,"data_origem_externa":null,"apelido":"","dias_prazo":null,"data_fim_prazo":null,"em_tramitacao":false,"polemica":null,"objeto":"","complementar":null,"ementa":"INDICA AO EXECUTIVO MUNICIPAL, NA FORMA REGIMENTAL, A NECESSIDADE DE SE TOMAR AS DEVIDAS PROVID\u00caNCIAS PARA A INTERDI\u00c7\u00c3O DO TR\u00c2NSITO DE VE\u00cdCULOS NA RUA PROFESSOR JACINTO RIBEIRO, NO TRECHO QUE VAI DA PRA\u00c7A DA MATRIZ AT\u00c9 \u00c0 RUA \u00c2NGELO PERILO, NO CENTRO DESTA CIDADE, ONDE SE REALIZA A FEIRA LIVRE DOS PEQUENOS PRODUTORES RURAIS E OUTROS, \u00c0S QUARTAS-FEIRAS E S\u00c1BADOS, QUANDO SE REALIZA A CITADA FEIRA. ","indexacao":"INDICA AO EXECUTIVO MUNICIPAL, NA FORMA REGIMENTAL, A NECESSIDADE DE SE TOMAR AS DEVIDAS PROVID\u00caNCIAS PARA A INTERDI\u00c7\u00c3O DO TR\u00c2NSITO DE VE\u00cdCULOS NA RUA PROFESSOR JACINTO RIBEIRO, NO TRECHO QUE VAI DA PRA\u00c7A DA MATRIZ AT\u00c9 \u00c0 RUA \u00c2NGELO PERILO, NO CENTRO DESTA CIDADE, ONDE SE REALIZA A FEIRA LIVRE DOS PEQUENOS PRODUTORES RURAIS E OUTROS, \u00c0S QUARTAS-FEIRAS E S\u00c1BADOS, QUANDO SE REALIZA A CITADA FEIRA. ","observacao":"","resultado":"","texto_original":null,"data_ultima_atualizacao":"2018-07-24T14:23:17.072515-03:00","ip":"","ultima_edicao":null,"tipo":8,"regime_tramitacao":1,"tipo_origem_externa":null,"local_origem_externa":null,"user":null,"anexadas":[],"autores":[2]}