{"id":210,"__str__":"Requerimento n\u00ba 170 de 2007","link_detail_backend":"/materia/210","metadata":{},"numero":170,"ano":2007,"numero_protocolo":null,"data_apresentacao":"2007-07-09","tipo_apresentacao":"E","data_publicacao":null,"numero_origem_externa":"","ano_origem_externa":null,"data_origem_externa":null,"apelido":"","dias_prazo":null,"data_fim_prazo":null,"em_tramitacao":false,"polemica":null,"objeto":"","complementar":null,"ementa":"SEJA ENVIADO OF\u00cdCIO AO DEPUTADO FEDERAL JAIMINHO MARTINS, SOLICITANDO QUE O MESMO INTERCEDA JUNTO AO MINIST\u00c9RIO DE EDUCA\u00c7\u00c3O, NO SENTIDO DE QUE SEJA PRIORIZADA A CRIA\u00c7\u00c3O DE UM CEFET PARA O MUNIC\u00cdPIO DE LAGOA DA PRATA.","indexacao":"SEJA ENVIADO OF\u00cdCIO AO DEPUTADO FEDERAL JAIMINHO MARTINS, SOLICITANDO QUE O MESMO INTERCEDA JUNTO AO MINIST\u00c9RIO DE EDUCA\u00c7\u00c3O, NO SENTIDO DE QUE SEJA PRIORIZADA A CRIA\u00c7\u00c3O DE UM CEFET PARA O MUNIC\u00cdPIO DE LAGOA DA PRATA.","observacao":"","resultado":"","texto_original":"http://sapl.lagoadaprata.mg.leg.br/media/sapl/public/materialegislativa/2007/210/210_texto_integral.pdf","data_ultima_atualizacao":"2018-07-24T14:23:48.770286-03:00","ip":"","ultima_edicao":null,"tipo":3,"regime_tramitacao":1,"tipo_origem_externa":null,"local_origem_externa":null,"user":null,"anexadas":[],"autores":[2]}