{"id":2146,"__str__":"Indica\u00e7\u00e3o n\u00ba 257 de 2006","link_detail_backend":"/materia/2146","metadata":{},"numero":257,"ano":2006,"numero_protocolo":null,"data_apresentacao":"2006-12-11","tipo_apresentacao":"E","data_publicacao":null,"numero_origem_externa":"","ano_origem_externa":null,"data_origem_externa":null,"apelido":"","dias_prazo":null,"data_fim_prazo":null,"em_tramitacao":false,"polemica":null,"objeto":"","complementar":null,"ementa":"INDICA AO EXECUTIVO MUNICIPAL, NA FORMA REGIMENTAL, A NECESSIDADE DE SE CAL\u00c7AR AS RUAS GERALDO DOMINGOS PEREIRA, DANIEL FERREIRA DA ROCHA, MARIA DA GL\u00d3RIA MACIEL, GERALDO JOS\u00c9 DA SILVA, JOS\u00c9 VITAL, TODAS NO BAIRRO GOMES, NESTA CIDADE.","indexacao":"INDICA AO EXECUTIVO MUNICIPAL, NA FORMA REGIMENTAL, A NECESSIDADE DE SE CAL\u00c7AR AS RUAS GERALDO DOMINGOS PEREIRA, DANIEL FERREIRA DA ROCHA, MARIA DA GL\u00d3RIA MACIEL, GERALDO JOS\u00c9 DA SILVA, JOS\u00c9 VITAL, TODAS NO BAIRRO GOMES, NESTA CIDADE.","observacao":"","resultado":"","texto_original":"http://sapl.lagoadaprata.mg.leg.br/media/sapl/public/materialegislativa/2006/2146/2146_texto_integral.pdf","data_ultima_atualizacao":"2018-07-24T14:23:44.137597-03:00","ip":"","ultima_edicao":null,"tipo":8,"regime_tramitacao":1,"tipo_origem_externa":null,"local_origem_externa":null,"user":null,"anexadas":[],"autores":[1]}