{"id":2200,"__str__":"Requerimento n\u00ba 1 de 2009","link_detail_backend":"/materia/2200","metadata":{},"numero":1,"ano":2009,"numero_protocolo":null,"data_apresentacao":"2009-02-02","tipo_apresentacao":"E","data_publicacao":null,"numero_origem_externa":"","ano_origem_externa":null,"data_origem_externa":null,"apelido":"","dias_prazo":null,"data_fim_prazo":null,"em_tramitacao":false,"polemica":false,"objeto":"","complementar":false,"ementa":"REQUER A\r\nVOSSA EXCEL\u00caNCIA, SEJA ENVIADO OF\u00cdCIO AO CHEFE DA POL\u00cdCIA CIVIL DO ESTADO\r\nDE MINAS GERAIS, MARCO ANT\u00d4NIO MONTEIRO DE CASTRO, BEM COMO, AO\r\nSUPERINTENDENTE GERAL, GUSTAVO BOTELHO NETO, SOLICITANDO AOS MESMOS\r\nQUE ESTUDEM A POSSIBILIDADE DE SE ENVIAR UMA NOVA VIATURA PARA A SE\u00c7\u00c3O\r\nDE PER\u00cdCIA DA 28\u00aa DER-PC, SEDIADA EM BOM DESPACHO E QUE ATENDE\r\nLAGOA DA PRATA.","indexacao":"","observacao":"","resultado":"","texto_original":"http://sapl.lagoadaprata.mg.leg.br/media/sapl/public/materialegislativa/2009/2200/2200_texto_integral.pdf","data_ultima_atualizacao":"2018-07-24T14:23:43.221092-03:00","ip":"","ultima_edicao":null,"tipo":3,"regime_tramitacao":1,"tipo_origem_externa":null,"local_origem_externa":null,"user":null,"anexadas":[],"autores":[16]}