{"id":2201,"__str__":"Requerimento n\u00ba 2 de 2009","link_detail_backend":"/materia/2201","metadata":{},"numero":2,"ano":2009,"numero_protocolo":null,"data_apresentacao":"2009-02-02","tipo_apresentacao":"O","data_publicacao":null,"numero_origem_externa":"","ano_origem_externa":null,"data_origem_externa":null,"apelido":"","dias_prazo":null,"data_fim_prazo":null,"em_tramitacao":false,"polemica":null,"objeto":"","complementar":null,"ementa":"SEJAM DISPENSADAS AS EXIG\u00caNCIAS REGIMENTAIS PARA OS SEGUINTES PROJETOS SEJAM APRECIADOS EM DISCUSS\u00c3O E VOTA\u00c7\u00c3O \u00daNICA NA PRESENTE REUNI\u00c3O:\r\n&#61607; PROJETO DE LEI EM-002/2009, QUE \u201cABRE CR\u00c9DITO ESPECIAL AO\r\nOR\u00c7AMENTO VIGENTE DO MUNIC\u00cdPIO DE LAGOA DA PRATA E CONT\u00c9M\r\nOUTRAS PROVID\u00caNCIAS\u201d\r\n&#61607; PROJETO DE LEI EM-003/2009, QUE \u201cABRE CR\u00c9DITO ESPECIAL AO\r\nOR\u00c7AMENTO VIGENTE DO MUNIC\u00cdPIO DE LAGOA DA PRATA E CONT\u00c9M\r\nOUTRAS PROVID\u00caNCIAS\u201d\r\n&#61607; PROJETO DE LEI EM-004/2009, QUE \u201cABRE CR\u00c9DITO ADICIONAL SUPLEMENTAR\r\nAO OR\u00c7AMENTO VIGENTE DO MUNIC\u00cdPIO EM FAVOR DO SERVI\u00c7O\r\nAUT\u00d4NOMO DE \u00c1GUA E ESGOTO DE LAGOA DA PRATA E CONT\u00c9M\r\nOUTRAS PROVID\u00caNCIAS\u201d\r\n&#61607; PROJETO DE LEI EM-005/2009, QUE \u201cABRE CR\u00c9DITO ADICIONAL SUPLEMENTAR\r\nAO OR\u00c7AMENTO VIGENTE DO MUNIC\u00cdPIO DE LAGOA DA PRATA E\r\nCONT\u00c9M OUTRAS PROVID\u00caNCIAS\u201d\r\n&#61607; PROJETO DE LEI EM-008/2009, QUE \u201cABRE CR\u00c9DITO ESPECIAL AO\r\nOR\u00c7AMENTO VIGENTE DO MUNIC\u00cdPIO DE LAGOA DA PRATA E CONT\u00c9M\r\nOUTRAS PROVID\u00caNCIAS\u201d","indexacao":"SEJAM DISPENSADAS AS EXIG\u00caNCIAS REGIMENTAIS\r\nPARA OS SEGUINTES PROJETOS SEJAM APRECIADOS EM DISCUSS\u00c3O E VOTA\u00c7\u00c3O \u00daNICA NA\r\nPRESENTE REUNI\u00c3O:\r\n&#61607; PROJETO DE LEI EM-002/2009, QUE \u201cABRE CR\u00c9DITO ESPECIAL AO\r\nOR\u00c7AMENTO VIGENTE DO MUNIC\u00cdPIO DE LAGOA DA PRATA E CONT\u00c9M\r\nOUTRAS PROVID\u00caNCIAS\u201d\r\n&#61607; PROJETO DE LEI EM-003/2009, QUE \u201cABRE CR\u00c9DITO ESPECIAL AO\r\nOR\u00c7AMENTO VIGENTE DO MUNIC\u00cdPIO DE LAGOA DA PRATA E CONT\u00c9M\r\nOUTRAS PROVID\u00caNCIAS\u201d\r\n&#61607; PROJETO DE LEI EM-004/2009, QUE \u201cABRE CR\u00c9DITO ADICIONAL SUPLEMENTAR\r\nAO OR\u00c7AMENTO VIGENTE DO MUNIC\u00cdPIO EM FAVOR DO SERVI\u00c7O\r\nAUT\u00d4NOMO DE \u00c1GUA E ESGOTO DE LAGOA DA PRATA E CONT\u00c9M\r\nOUTRAS PROVID\u00caNCIAS\u201d\r\n&#61607; PROJETO DE LEI EM-005/2009, QUE \u201cABRE CR\u00c9DITO ADICIONAL SUPLEMENTAR\r\nAO OR\u00c7AMENTO VIGENTE DO MUNIC\u00cdPIO DE LAGOA DA PRATA E\r\nCONT\u00c9M OUTRAS PROVID\u00caNCIAS\u201d\r\n&#61607; PROJETO DE LEI EM-008/2009, QUE \u201cABRE CR\u00c9DITO ESPECIAL AO\r\nOR\u00c7AMENTO VIGENTE DO MUNIC\u00cdPIO DE LAGOA DA PRATA E CONT\u00c9M\r\nOUTRAS PROVID\u00caNCIAS\u201d","observacao":"","resultado":"","texto_original":"http://sapl.lagoadaprata.mg.leg.br/media/sapl/public/materialegislativa/2009/2201/2201_texto_integral.pdf","data_ultima_atualizacao":"2018-07-24T14:23:46.417674-03:00","ip":"","ultima_edicao":null,"tipo":3,"regime_tramitacao":1,"tipo_origem_externa":null,"local_origem_externa":null,"user":null,"anexadas":[],"autores":[5]}