{"id":2323,"__str__":"Requerimento n\u00ba 66 de 2009","link_detail_backend":"/materia/2323","metadata":{},"numero":66,"ano":2009,"numero_protocolo":null,"data_apresentacao":"2009-06-05","tipo_apresentacao":"E","data_publicacao":null,"numero_origem_externa":"","ano_origem_externa":null,"data_origem_externa":null,"apelido":"","dias_prazo":null,"data_fim_prazo":null,"em_tramitacao":false,"polemica":false,"objeto":"","complementar":false,"ementa":"OF\u00cdCIO AO EXCELENT\u00cdSSIMO DEPUTADO ESTADUAL TIAGO ULISSES, SOLICITANDO AO MESMO QUE AGENDE UMA AUDI\u00caNCIA COM O COMANDANTE DA POL\u00cdCIA MILITAR DO ESTADO DE MINAS GERAIS, CEL. PM RENATO VIEIRA DE SOUZA, BEM COMO, COM O SECRET\u00c1RIO DE ESTADO DE DEFESA SOCIAL, MAUR\u00cdCIO DE OLIVEIRA CAMPOS J\u00daNIOR, PARA TRATARMOS A RESPEITO DO AUMENTO DO EFETIVO DA POL\u00cdCIA MILITAR EM NOSSO MUNIC\u00cdPIO E TAMB\u00c9M A\u00c7\u00d5ES PARA A MELHORIA DA SEGURAN\u00c7A P\u00daBLICA MUNICIPAL.","indexacao":"","observacao":"","resultado":"","texto_original":"http://sapl.lagoadaprata.mg.leg.br/media/sapl/public/materialegislativa/2009/2323/2323_texto_integral.pdf","data_ultima_atualizacao":"2018-07-24T14:23:47.531635-03:00","ip":"","ultima_edicao":null,"tipo":3,"regime_tramitacao":2,"tipo_origem_externa":null,"local_origem_externa":null,"user":null,"anexadas":[],"autores":[16]}