{"id":2417,"__str__":"Requerimento n\u00ba 138 de 2009","link_detail_backend":"/materia/2417","metadata":{},"numero":138,"ano":2009,"numero_protocolo":null,"data_apresentacao":"2009-11-30","tipo_apresentacao":"E","data_publicacao":null,"numero_origem_externa":"","ano_origem_externa":null,"data_origem_externa":null,"apelido":"","dias_prazo":null,"data_fim_prazo":null,"em_tramitacao":false,"polemica":false,"objeto":"","complementar":false,"ementa":"SEJA ENVIADO OF\u00cdCIO AO DIRETOR DA FUNDA\u00c7\u00c3O S\u00c3O\r\nCARLOS, SR. ROBERTO ARA\u00daJO DE FREITAS J\u00daNIOR, AO M\u00c9DICO DR. J\u00daLIO DE CASTRO E AO\r\nFUNCION\u00c1RIO DAQUELA FUNDA\u00c7\u00c3O, SR. VICENTE TEIXEIRA AMORIM, CONVIDANDO-OS PARA\r\nCOMPARECEREM A ESTA CASA NA PR\u00d3XIMA REUNI\u00c3O ORDIN\u00c1RIA OU EM DATA A SER\r\nAGENDADA COM OS MESMOS, PARA TRATARMOS A RESPEITO DO FUNCIONAMENTO DO CTI\r\nDAQUELA ENTIDADE.","indexacao":"","observacao":"","resultado":"","texto_original":"http://sapl.lagoadaprata.mg.leg.br/media/sapl/public/materialegislativa/2009/2417/2417_texto_integral.pdf","data_ultima_atualizacao":"2018-07-24T14:23:43.617020-03:00","ip":"","ultima_edicao":null,"tipo":3,"regime_tramitacao":1,"tipo_origem_externa":null,"local_origem_externa":null,"user":null,"anexadas":[],"autores":[7]}