{"id":2432,"__str__":"Mo\u00e7\u00e3o n\u00ba 6 de 2009","link_detail_backend":"/materia/2432","metadata":{},"numero":6,"ano":2009,"numero_protocolo":null,"data_apresentacao":"2009-08-17","tipo_apresentacao":"","data_publicacao":null,"numero_origem_externa":"","ano_origem_externa":null,"data_origem_externa":null,"apelido":"","dias_prazo":null,"data_fim_prazo":null,"em_tramitacao":false,"polemica":false,"objeto":"","complementar":false,"ementa":"SEJA SUBMETIDA \u00c0 APROVA\u00c7\u00c3O DO PLEN\u00c1RIO, MO\u00c7\u00c3O DE\r\nAPLAUSO AO SECRET\u00c1RIO DE ESTADO DE SA\u00daDE, MARCUS VIN\u00cdCIUS CAETANO\r\nPESTANA DA SILVA E \u00c0 DEPUTADA ESTADUAL MARIA OL\u00cdVIA DE CASTRO,\r\nPARABENIZANDO-OS PELOS RELEVANTES SERVI\u00c7OS PRESTADOS EM PROL DO MUNIC\u00cdPIO\r\nDE LAGOA DA PRATA, ESPECIALMENTE NA \u00c1REA DE SA\u00daDE, PARA A IMPLANTA\u00c7\u00c3O EM\r\nNOSSO MUNIC\u00cdPIO DO CTI \u2013 CENTRO DE TRATAMENTO INTENSIVO.","indexacao":"","observacao":"","resultado":"","texto_original":"http://sapl.lagoadaprata.mg.leg.br/media/sapl/public/materialegislativa/2009/2432/2432_texto_integral.pdf","data_ultima_atualizacao":"2018-07-24T14:23:44.031790-03:00","ip":"","ultima_edicao":null,"tipo":7,"regime_tramitacao":1,"tipo_origem_externa":null,"local_origem_externa":null,"user":null,"anexadas":[],"autores":[14]}