{"id":2625,"__str__":"Requerimento n\u00ba 102 de 2010","link_detail_backend":"/materia/2625","metadata":{},"numero":102,"ano":2010,"numero_protocolo":null,"data_apresentacao":"2010-09-27","tipo_apresentacao":"E","data_publicacao":null,"numero_origem_externa":"","ano_origem_externa":null,"data_origem_externa":null,"apelido":"","dias_prazo":null,"data_fim_prazo":null,"em_tramitacao":false,"polemica":null,"objeto":"","complementar":null,"ementa":"SEJAM DISPENSADAS AS EXIG\u00caNCIAS\r\nREGIMENTAIS PARA QUE O PROJETO DE LEI COMPLEMENTAR NO 05/2010, QUE \u201cINSTITUI O PLANO DE CARREIRA DOS SERVIDORES DA EDUCA\u00c7\u00c3O DA REDE\r\nMUNICIPAL DE ENSINO DE LAGOA DA PRATA E D\u00c1 OUTRAS PROVID\u00caNCIAS\u201d,\r\nSEJA APRECIADO EM SEGUNDA DISCUSS\u00c3O E VOTA\u00c7\u00c3O NA PRESENTE REUNI\u00c3O.\r\n","indexacao":"","observacao":"","resultado":"","texto_original":"http://sapl.lagoadaprata.mg.leg.br/media/sapl/public/materialegislativa/2010/2625/2625_texto_integral.pdf","data_ultima_atualizacao":"2018-07-24T14:23:48.008338-03:00","ip":"","ultima_edicao":null,"tipo":3,"regime_tramitacao":1,"tipo_origem_externa":null,"local_origem_externa":null,"user":null,"anexadas":[],"autores":[12]}