{"id":2754,"__str__":"Requerimento n\u00ba 82 de 2011","link_detail_backend":"/materia/2754","metadata":{},"numero":82,"ano":2011,"numero_protocolo":null,"data_apresentacao":"2011-05-23","tipo_apresentacao":"","data_publicacao":null,"numero_origem_externa":"","ano_origem_externa":null,"data_origem_externa":null,"apelido":"","dias_prazo":null,"data_fim_prazo":null,"em_tramitacao":false,"polemica":null,"objeto":"","complementar":null,"ementa":"SEJAM DISPENSADAS AS EXIG\u00caNCIAS REGIMENTAIS PARA QUE OS PROJETOS DE LEI EM-27/2011 QUE \u201cALTERA DENOMINA\u00c7\u00c3O DO PARQUE FRANCISCO DE ASSIS RESENDE E D\u00c1 OUTRAS PROVID\u00caNCIAS\u201d; O PROJETO DE LEI EM-29/2011 QUE \u201cABRE CR\u00c9DITO ESPECIAL AO OR\u00c7AMENTO VIGENTE DO MUNIC\u00cdPIO DE LAGOA DA PRATA E CONT\u00c9M OUTRAS PROVID\u00caNCIAS\u201d E O PROJETO DE LEI EM-30/2011 QUE \u201cABRE CR\u00c9DITO ESPECIAL AO OR\u00c7AMENTO VIGENTE DO MUNIC\u00cdPIO DE LAGOA DA PRATA E CONT\u00c9M OUTRAS PROVID\u00caNCIAS\u201d, SEJAM APRECIADOS EM SEGUNDA DISCUSS\u00c3O E VOTA\u00c7\u00c3O NA PRESENTE REUNI\u00c3O.\r\n","indexacao":"","observacao":"","resultado":"","texto_original":"http://sapl.lagoadaprata.mg.leg.br/media/sapl/public/materialegislativa/2011/2754/2754_texto_integral.pdf","data_ultima_atualizacao":"2018-07-24T14:23:46.971549-03:00","ip":"","ultima_edicao":null,"tipo":3,"regime_tramitacao":1,"tipo_origem_externa":null,"local_origem_externa":null,"user":null,"anexadas":[],"autores":[15]}