{"id":2800,"__str__":"Indica\u00e7\u00e3o n\u00ba 46 de 2011","link_detail_backend":"/materia/2800","metadata":{},"numero":46,"ano":2011,"numero_protocolo":null,"data_apresentacao":"2011-07-04","tipo_apresentacao":"","data_publicacao":null,"numero_origem_externa":"","ano_origem_externa":null,"data_origem_externa":null,"apelido":"","dias_prazo":null,"data_fim_prazo":null,"em_tramitacao":false,"polemica":null,"objeto":"","complementar":null,"ementa":"SEJA ENVIADO OF\u00cdCIO \u00c0 DIRETORIA DA EMPRESA LOUIS DREYFUS\r\nCOMMODITIES S/A, SOLICITANDO QUE INFORMEM SE \u00c9 VERDADEIRA A NOT\u00cdCIA QUE RECEBEMOS NOS DANDO CONTA DE QUE A \u00c1REA ONDE ANTIGAMENTE LOCALIZAVA-SE A LAGOA DENOMINADA \u201cBREJ\u00c3O\u201d, E QUE HOJE \u00c9 UTILIZADA PARA O PLANTIO DE CANA-DE-A\u00c7\u00daCAR, SER\u00c1 DESOCUPADA E ENTREGUE \u00c0 MUNICIPALIDADE PARA A REVITALIZA\u00c7\u00c3O DA MESMA.\r\n","indexacao":"","observacao":"","resultado":"","texto_original":"http://sapl.lagoadaprata.mg.leg.br/media/sapl/public/materialegislativa/2011/2800/2800_texto_integral.pdf","data_ultima_atualizacao":"2018-07-24T14:23:47.507885-03:00","ip":"","ultima_edicao":null,"tipo":8,"regime_tramitacao":1,"tipo_origem_externa":null,"local_origem_externa":null,"user":null,"anexadas":[],"autores":[12]}