{"id":2973,"__str__":"Mo\u00e7\u00e3o n\u00ba 2 de 2011","link_detail_backend":"/materia/2973","metadata":{},"numero":2,"ano":2011,"numero_protocolo":null,"data_apresentacao":"2011-03-28","tipo_apresentacao":"","data_publicacao":null,"numero_origem_externa":"","ano_origem_externa":null,"data_origem_externa":null,"apelido":"","dias_prazo":null,"data_fim_prazo":null,"em_tramitacao":false,"polemica":null,"objeto":"","complementar":null,"ementa":"OS VEREADORES INFRA-ASSINADOS, REGIMENTALMENTE APOIADOS, REQUEREM A\r\nVOSSA EXCEL\u00caNCIA SEJA SUBMETIDA \u00c0 APROVA\u00c7\u00c3O DO PLEN\u00c1RIO MO\u00c7\u00c3O DE\r\nAPLAUSO A JULIANO FL\u00c1VIO ROCHA PEREIRA, PARABENIZANDO-O PELOS\r\nRELEVANTES SERVI\u00c7OS PRESTADOS EM PROL DA COMUNIDADE LAGOPRATENSE.\r\n","indexacao":"","observacao":"","resultado":"","texto_original":"http://sapl.lagoadaprata.mg.leg.br/media/sapl/public/materialegislativa/2011/2973/2973_texto_integral.pdf","data_ultima_atualizacao":"2018-07-24T14:23:47.745985-03:00","ip":"","ultima_edicao":null,"tipo":7,"regime_tramitacao":1,"tipo_origem_externa":null,"local_origem_externa":null,"user":null,"anexadas":[],"autores":[11]}