{"id":30,"__str__":"Indica\u00e7\u00e3o n\u00ba 16 de 2006","link_detail_backend":"/materia/30","metadata":{},"numero":16,"ano":2006,"numero_protocolo":null,"data_apresentacao":"2006-03-13","tipo_apresentacao":"E","data_publicacao":null,"numero_origem_externa":"","ano_origem_externa":null,"data_origem_externa":null,"apelido":"","dias_prazo":null,"data_fim_prazo":null,"em_tramitacao":false,"polemica":null,"objeto":"","complementar":null,"ementa":"DE FAZER O CAL\u00c7AMENTO DA RUA GERALD\u00c3O AT\u00c9 A AV. BENEDITO VALADARES, NA SA\u00cdDA PARA A VARGEM E A RUA SANTA CATARINA ENTRE AS RUAS PAR\u00c1 E RUA AMAZONAS. ","indexacao":"DE FAZER O CAL\u00c7AMENTO DA RUA GERALD\u00c3O AT\u00c9 A AV. BENEDITO VALADARES, NA SA\u00cdDA PARA A VARGEM E A RUA SANTA CATARINA ENTRE AS RUAS PAR\u00c1 E RUA AMAZONAS. ","observacao":"","resultado":"","texto_original":"http://sapl.lagoadaprata.mg.leg.br/media/sapl/public/materialegislativa/2006/30/30_texto_integral.doc","data_ultima_atualizacao":"2018-07-24T14:23:46.996550-03:00","ip":"","ultima_edicao":null,"tipo":8,"regime_tramitacao":1,"tipo_origem_externa":null,"local_origem_externa":null,"user":null,"anexadas":[],"autores":[5]}