{"id":3176,"__str__":"Indica\u00e7\u00e3o n\u00ba 25 de 2013","link_detail_backend":"/materia/3176","metadata":{},"numero":25,"ano":2013,"numero_protocolo":null,"data_apresentacao":"2013-03-04","tipo_apresentacao":"E","data_publicacao":null,"numero_origem_externa":"","ano_origem_externa":null,"data_origem_externa":null,"apelido":"","dias_prazo":null,"data_fim_prazo":null,"em_tramitacao":false,"polemica":false,"objeto":"","complementar":false,"ementa":"A NECESSIDADE DE SE INTERCEDER JUNTO AO DEPARTAMENTO DE ESTRADA DE RODAGEM DO ESTADO DE MINAS GERAIS &#8211; DER &#8211; MG, PARA QUE REFERIDO \u00d3RG\u00c3O REALIZE INTERVEN\u00c7\u00d5ES NO SENTIDO DE SINALIZAR O TREVO SECUND\u00c1RIO DE ACESSO A LAGOA DA PRATA (AV. FERN\u00c3O DIAS), TANTO COM PLACAS QUANTO COM SINALIZA\u00c7\u00c3O DE SOLO, COLOCANDO FAIXA REFLETIVA, DE MODO A MELHORAR A SEGURAN\u00c7A DO TR\u00c2NSITO NO LOCAL.","indexacao":"","observacao":"","resultado":"","texto_original":"http://sapl.lagoadaprata.mg.leg.br/media/sapl/public/materialegislativa/2013/3176/3176_texto_integral.pdf","data_ultima_atualizacao":"2018-07-24T14:23:46.426568-03:00","ip":"","ultima_edicao":null,"tipo":8,"regime_tramitacao":1,"tipo_origem_externa":null,"local_origem_externa":null,"user":null,"anexadas":[],"autores":[4]}