{"id":3197,"__str__":"Requerimento n\u00ba 2 de 2013","link_detail_backend":"/materia/3197","metadata":{},"numero":2,"ano":2013,"numero_protocolo":null,"data_apresentacao":"2013-01-28","tipo_apresentacao":"E","data_publicacao":null,"numero_origem_externa":"","ano_origem_externa":null,"data_origem_externa":null,"apelido":"","dias_prazo":null,"data_fim_prazo":null,"em_tramitacao":false,"polemica":false,"objeto":"","complementar":false,"ementa":"SEJAM DISPENSADAS AS EXIG\u00caNCIAS REGIMENTAIS PARA QUE O PROJETO DE LEI  EM-002/2013 QUE &#8220;AUTORIZA A CELEBRA\u00c7\u00c3O DE CONV\u00caNIO DE COOPERA\u00c7\u00c3O COM OS MEMBROS DO CONS\u00d3RCIO INTERMUNICIPAL DE SA\u00daDE DA REGI\u00c3O VALE DO ITAPECERICA &#8211; CISVI&#8221;; PROJETO DE LEI EM-004/2013 QUE &#8220;AUTORIZA PRORROGA\u00c7\u00c3O DOS CONTRATOS TEMPOR\u00c1RIOS FIRMADOS EM RAZ\u00c3O DO CONCURSO P\u00daBLICO N\u00ba 01/2011 E PROJETO DE LEI CM-001/2013 QUE &#8220;REVISA OS VALORES DOS SUBS\u00cdDIOS DOS AGENTES POL\u00cdTICOS DO MUNIC\u00cdPIO DE LAGOA DA PRATA&#8221;, SEJAM APRECIADOS EM SEGUNDA DISCUSS\u00c3O E VOTA\u00c7\u00c3O NA PRESENTE REUNI\u00c3O. ","indexacao":"","observacao":"","resultado":"","texto_original":"http://sapl.lagoadaprata.mg.leg.br/media/sapl/public/materialegislativa/2013/3197/3197_texto_integral.pdf","data_ultima_atualizacao":"2018-07-24T14:23:48.920867-03:00","ip":"","ultima_edicao":null,"tipo":3,"regime_tramitacao":1,"tipo_origem_externa":null,"local_origem_externa":null,"user":null,"anexadas":[],"autores":[28]}