{"id":3278,"__str__":"Requerimento n\u00ba 83 de 2013","link_detail_backend":"/materia/3278","metadata":{},"numero":83,"ano":2013,"numero_protocolo":null,"data_apresentacao":"2013-04-08","tipo_apresentacao":"E","data_publicacao":null,"numero_origem_externa":"","ano_origem_externa":null,"data_origem_externa":null,"apelido":"","dias_prazo":null,"data_fim_prazo":null,"em_tramitacao":false,"polemica":false,"objeto":"","complementar":false,"ementa":", SEJAM DISPENSADAS AS EXIG\u00caNCIAS REGIMENTAIS PARA QUE O PROJETO DE LEI EM-24/2013 QUE &#8220;ALTERA ART. 3\u00ba DA LEI N\u00ba 1248/2005 QUE CRIA O CONSELHO MUNICIPAL DE HABITA\u00c7\u00c3O&#8221;, O PROJETO DE LEI EM-25/2013 QUE &#8220;AUTORIZA O EXECUTIVO MUNICIPAL A CONCEDER SUBVEN\u00c7\u00d5ES SOCIAIS E AUX\u00cdLIOS \u00c0S ENTIDADES QUE MENCIONA E CONT\u00c9M OUTRAS PROVID\u00caNCIAS&#8221;, O PROJETO DE LEI CM-07/2013 QUE &#8220;DISP\u00d5E SOBRE A GRATUIDADE NO USO DAS DEPEND\u00caNCIAS DA PRA\u00c7A DE ESPORTES DO MUNIC\u00cdPIO DE LAGOA DA PRATA PARA AS PESSOAS PORTADORAS DE NECESSIDADES ESPECIAIS&#8221;, BEM COMO O PROJETO DE LEI CM-08/2013 QUE &#8220;CRIA O DIA DA MANIFESTA\u00c7\u00c3O PELA JUSTI\u00c7A SOCIAL NO MUNIC\u00cdPIO DE LAGOA DA PRATA&#8221;, SEJAM APRECIADOS EM SEGUNDA DISCUSS\u00c3O E VOTA\u00c7\u00c3O NA PRESENTE REUNI\u00c3O.","indexacao":"","observacao":"","resultado":"","texto_original":"http://sapl.lagoadaprata.mg.leg.br/media/sapl/public/materialegislativa/2013/3278/3278_texto_integral.pdf","data_ultima_atualizacao":"2018-07-24T14:23:46.853633-03:00","ip":"","ultima_edicao":null,"tipo":3,"regime_tramitacao":1,"tipo_origem_externa":null,"local_origem_externa":null,"user":null,"anexadas":[],"autores":[29]}