{"id":3540,"__str__":"Requerimento n\u00ba 251 de 2013","link_detail_backend":"/materia/3540","metadata":{},"numero":251,"ano":2013,"numero_protocolo":null,"data_apresentacao":"2013-09-23","tipo_apresentacao":"E","data_publicacao":null,"numero_origem_externa":"","ano_origem_externa":null,"data_origem_externa":null,"apelido":"","dias_prazo":null,"data_fim_prazo":null,"em_tramitacao":false,"polemica":false,"objeto":"","complementar":false,"ementa":"SEJA ENVIADO OF\u00cdCIO AO ILUSTRE REPRESENTANTE DO MINIST\u00c9RIO P\u00daBLICO EM LAGOA DA PRATA, CURADORIA DO PATRIM\u00d4NIO P\u00daBLICO, DR. LU\u00cdS AUGUSTO DE REZENDE PENA, CONVOCANDO-O A COMPARECER NESTA CASA PARA FALAR A RESPEITO DOS FATOS NARRADOS NOS DOCUMENTOS CUJA C\u00d3PIA SEGUE ANEXA.\r\n","indexacao":"","observacao":"","resultado":"","texto_original":"http://sapl.lagoadaprata.mg.leg.br/media/sapl/public/materialegislativa/2013/3540/3540_texto_integral.pdf","data_ultima_atualizacao":"2018-07-24T14:23:44.275748-03:00","ip":"","ultima_edicao":null,"tipo":3,"regime_tramitacao":1,"tipo_origem_externa":null,"local_origem_externa":null,"user":null,"anexadas":[],"autores":[27]}