{"id":3560,"__str__":"Requerimento n\u00ba 271 de 2013","link_detail_backend":"/materia/3560","metadata":{},"numero":271,"ano":2013,"numero_protocolo":null,"data_apresentacao":"2013-10-14","tipo_apresentacao":"E","data_publicacao":null,"numero_origem_externa":"","ano_origem_externa":null,"data_origem_externa":null,"apelido":"","dias_prazo":null,"data_fim_prazo":null,"em_tramitacao":false,"polemica":false,"objeto":"","complementar":false,"ementa":" SEJA ENVIADO OF\u00cdCIO AO PROMOTOR DE JUSTI\u00c7A DESTA COMARCA, DR. EDUARDO ALMEIDA DA SILVA, CURADOR DO MEIO AMBIENTE, ACOMPANHADO DESTE REQUERIMENTO, SOLICITANDO AO MESMO QUE INFORME A ESTA CASA SOBRE O ANDAMENTO DO PROCESSO QUE VISA RETORNAR O RIO S\u00c3O FRANCISCO A SEU CURSO NORMAL NO LOCAL DENOMINADO &#8220;VOLTA GRANDE&#8221;, BEM COMO SE H\u00c1 PREVIS\u00c3O PARA A SOLU\u00c7\u00c3O DO PROBLEMA.\r\n","indexacao":"","observacao":"","resultado":"","texto_original":"http://sapl.lagoadaprata.mg.leg.br/media/sapl/public/materialegislativa/2013/3560/3560_texto_integral.pdf","data_ultima_atualizacao":"2018-07-24T14:23:45.342944-03:00","ip":"","ultima_edicao":null,"tipo":3,"regime_tramitacao":1,"tipo_origem_externa":null,"local_origem_externa":null,"user":null,"anexadas":[],"autores":[27]}