{"id":3619,"__str__":"Requerimento n\u00ba 330 de 2013","link_detail_backend":"/materia/3619","metadata":{},"numero":330,"ano":2013,"numero_protocolo":null,"data_apresentacao":"2013-12-13","tipo_apresentacao":"E","data_publicacao":null,"numero_origem_externa":"","ano_origem_externa":null,"data_origem_externa":null,"apelido":"","dias_prazo":null,"data_fim_prazo":null,"em_tramitacao":false,"polemica":false,"objeto":"","complementar":false,"ementa":"O VEREADOR INFRA-ASSINADO, NA FORMA REGIMENTAL, REQUER\r\nA VOSSA EXCEL\u00caNCIA, CONSULTADO O PLEN\u00c1RIO, SEJAM DISPENSADAS AS\r\nEXIG\u00caNCIAS REGIMENTAIS PARA QUE OS PROJETOS DE LEI EM-092/2013\r\nE EM-093/2013, QUE &#8220;ABREM CR\u00c9DITOS SUPLEMENTARES AO\r\nOR\u00c7AMENTO VIGENTE DO MUNIC\u00cdPIO DE LAGOA DA PRATA E\r\nCONT\u00c9M OUTRAS PROVID\u00caNCIAS&#8221;, SEJAM APRECIADOS EM\r\nDISCUSS\u00c3O E VOTA\u00c7\u00c3O \u00daNICA NA PRESENTE REUNI\u00c3O.","indexacao":"","observacao":"","resultado":"","texto_original":"http://sapl.lagoadaprata.mg.leg.br/media/sapl/public/materialegislativa/2013/3619/3619_texto_integral.pdf","data_ultima_atualizacao":"2018-07-24T14:23:42.787203-03:00","ip":"","ultima_edicao":null,"tipo":3,"regime_tramitacao":1,"tipo_origem_externa":null,"local_origem_externa":null,"user":null,"anexadas":[],"autores":[25]}