{"id":3743,"__str__":"Requerimento n\u00ba 54 de 2014","link_detail_backend":"/materia/3743","metadata":{},"numero":54,"ano":2014,"numero_protocolo":null,"data_apresentacao":"2014-03-17","tipo_apresentacao":"E","data_publicacao":null,"numero_origem_externa":"","ano_origem_externa":null,"data_origem_externa":null,"apelido":"","dias_prazo":null,"data_fim_prazo":null,"em_tramitacao":false,"polemica":false,"objeto":"","complementar":false,"ementa":"SEJA ENVIADO OF\u00cdCIO AO CHEFE DO PODER EXECUTIVO MUNICIPAL,\r\nCONVOCANDO OS EMPREGADOS P\u00daBLICOS MUNICIPAIS QUE EXERCEM SUAS ATRIBUI\u00c7\u00d5ES NO\r\nPRONTO ATENDIMENTO M\u00c9DICO &#8211; PAM, CEDIDOS QUE FORAM \u00c0 FUNDA\u00c7\u00c3O S\u00c3O CARLOS, QUE\r\nHOJE ADMINISTRA O PAM, PARA QUE COMPARE\u00c7AM A ESTA CASA NOS TERMOS DA LEI\r\nORG\u00c2NICA MUNICIPAL, EM REUNI\u00c3O EXTRAORDIN\u00c1RIA A SER REALIZADA NA SEGUNDA TER\u00c7AFEIRA\r\nIMEDIATAMENTE POSTERIOR \u00c0 DATA DE RECEBIMENTO DO OF\u00cdCIO DE CONVOCA\u00c7\u00c3O, COM\r\nIN\u00cdCIO \u00c0S 20 (VINTE) HORAS E T\u00c9RMINO \u00c0S 22 (VINTE E DUAS) HORAS, PARA TRATAR A RESPEITO\r\nDA RELA\u00c7\u00c3O DESTES EMPREGADOS COM A ATUAL ADMINISTRA\u00c7\u00c3O DO PAM.","indexacao":"","observacao":"","resultado":"","texto_original":"http://sapl.lagoadaprata.mg.leg.br/media/sapl/public/materialegislativa/2014/3743/3743_texto_integral.pdf","data_ultima_atualizacao":"2018-07-24T14:23:46.359956-03:00","ip":"","ultima_edicao":null,"tipo":3,"regime_tramitacao":1,"tipo_origem_externa":null,"local_origem_externa":null,"user":null,"anexadas":[],"autores":[11,22,4]}