{"id":3799,"__str__":"Requerimento n\u00ba 110 de 2014","link_detail_backend":"/materia/3799","metadata":{},"numero":110,"ano":2014,"numero_protocolo":null,"data_apresentacao":"2014-05-19","tipo_apresentacao":"E","data_publicacao":null,"numero_origem_externa":"","ano_origem_externa":null,"data_origem_externa":null,"apelido":"","dias_prazo":null,"data_fim_prazo":null,"em_tramitacao":false,"polemica":false,"objeto":"","complementar":false,"ementa":"SEJAM DISPENSADAS AS\r\nEXIG\u00caNCIAS REGIMENTAIS, PARA QUE OS PROJETOS DE LEI EM-60 E 61/2014\r\nQUE &#8220;ABREM CR\u00c9DITOS ESPECIAS AO OR\u00c7AMENTO VIGENTE DO\r\nMUNIC\u00cdPIO DE LAGOA DA PRATA E CONT\u00c9M OUTRAS\r\nPROVID\u00caNCIAS&#8221; SEJAM APRECIADOS EM DISCUSS\u00c3O E VOTA\u00c7\u00c3O \u00daNICA NA\r\nPRESENTE REUNI\u00c3O.\r\nREQUER AINDA, QUE OS PROJETOS DE LEI EM-88/2013 QUE\r\n&#8220;AUTORIZA O MUNIC\u00cdPIO DE LAGOA DA PRATA A ALIENAR BENS\r\nIM\u00d3VEIS QUE MENCIONA&#8221;;\r\nOS PROJETOS DE LEI EM-43 A 55/2014, QUE &#8220;AUTORIZAM O\r\nEXECUTIVO MUNICIPAL A CONCEDER SUBVEN\u00c7\u00d5ES SOCIAIS E\r\nAUX\u00cdLIOS \u00c0S ENTIDADES QUE MENCIONAM E CONT\u00c9M OUTRAS\r\nPROVID\u00caNCIAS&#8221;;\r\nO PROJETO DE LEI EM-058/2014 QUE &#8220;DISP\u00d5E SOBRE A\r\nCRIA\u00c7\u00c3O DO AUX\u00cdLIO MORADIA E ALIMENTA\u00c7\u00c3O NO \u00c2MBITO DO\r\nPROGRAMA MAIS M\u00c9DICOS PARA O BRASIL, INSTITU\u00cdDO PELA LEI\r\nFEDERAL N\u00ba 12.871, DE 22 DE OUTUBRO DE 2013 E\r\nIMPLEMENTADO PELA PORTARIA INTERMINISTERIAL N\u00ba 1.369, DE\r\n08 DE JULHO DE 2013 E CONT\u00c9M OUTRAS PROVID\u00caNCIAS&#8221;\r\nSEJAM APRECIADOS EM SEGUNDA DISCUSS\u00c3O E VOTA\u00c7\u00c3O NA\r\nPRESENTE REUNI\u00c3O.","indexacao":"","observacao":"","resultado":"","texto_original":"http://sapl.lagoadaprata.mg.leg.br/media/sapl/public/materialegislativa/2014/3799/3799_texto_integral.pdf","data_ultima_atualizacao":"2018-07-24T14:23:46.336084-03:00","ip":"","ultima_edicao":null,"tipo":3,"regime_tramitacao":1,"tipo_origem_externa":null,"local_origem_externa":null,"user":null,"anexadas":[],"autores":[28]}