{"id":3811,"__str__":"Requerimento n\u00ba 122 de 2014","link_detail_backend":"/materia/3811","metadata":{},"numero":122,"ano":2014,"numero_protocolo":null,"data_apresentacao":"2014-06-02","tipo_apresentacao":"E","data_publicacao":null,"numero_origem_externa":"","ano_origem_externa":null,"data_origem_externa":null,"apelido":"","dias_prazo":null,"data_fim_prazo":null,"em_tramitacao":false,"polemica":false,"objeto":"","complementar":false,"ementa":"SEJA ENVIADO OF\u00cdCIO AO CHEFE DO PODER EXECUTIVO\r\nMUNICIPAL, ENCAMINHANDO O PRESENTE REQUERIMENTO AO ILUSTRE SECRET\u00c1RIO DE\r\nADMINISTRA\u00c7\u00c3O E GOVERNO, BEM COMO \u00c0 PROCURADORIA MUNICIPAL, SOLICITANDO QUE\r\nENVIEM A ESTA CASA, NO PRAZO REGIMENTAL, RELA\u00c7\u00c3O DE TODOS OS IM\u00d3VEIS QUE SE\r\nENCONTRAM ALUGADOS PELA ADMINISTRA\u00c7\u00c3O MUNICIPAL, BEM COMO AQUELES QUE TIVERAM\r\nSEUS CONTRATOS RESCINDIDOS NOS \u00daLTIMOS 6 MESES, DEVENDO CONSTAR NO RELAT\u00d3RIO O\r\nSEGUINTE:\r\n1. ENDERE\u00c7O DOS IMOVEIS;\r\n2. VALORES DOS ALUGUEIS;\r\n3. SECRETARIA SOLICITANTE;\r\n4. JUSTIFICATIVA PARA A SUA REALIZA\u00c7\u00c3O;\r\n5. IDENTIFICA\u00c7\u00c3O DO PROPRIET\u00c1RIO, QUANDO SE TRATAR DE IM\u00d3VEL ALUGADO JUNTO A\r\nIMOBILI\u00c1RIA, OU EM NOME DE EMPRESA;\r\n6. C\u00d3PIA DOS REFERIDOS CONTRATOS.","indexacao":"","observacao":"","resultado":"","texto_original":null,"data_ultima_atualizacao":"2018-07-24T14:23:17.273784-03:00","ip":"","ultima_edicao":null,"tipo":3,"regime_tramitacao":1,"tipo_origem_externa":null,"local_origem_externa":null,"user":null,"anexadas":[],"autores":[22,26]}