{"id":3897,"__str__":"Requerimento n\u00ba 163 de 2014","link_detail_backend":"/materia/3897","metadata":{},"numero":163,"ano":2014,"numero_protocolo":null,"data_apresentacao":"2014-07-14","tipo_apresentacao":"E","data_publicacao":null,"numero_origem_externa":"","ano_origem_externa":null,"data_origem_externa":null,"apelido":"","dias_prazo":null,"data_fim_prazo":null,"em_tramitacao":false,"polemica":false,"objeto":"","complementar":false,"ementa":"SEJA ENVIADO OF\u00cdCIO AO CHEFE DO PODER EXECUTIVO MUNICIPAL,\r\nCONVOCANDO O SECRET\u00c1RIO MUNICIPAL DE SA\u00daDE, SENHOR ANT\u00d4NIO JUAREZ DE CASTRO\r\nPARA, NO PRAZO REGIMENTAL, COMPARECER A ESTA C\u00c2MARA MUNICIPAL PARA PRESTAR\r\nESCLARECIMENTO ACERCA DO PROJETO INTITULADO &#8220;UNIDOS PELA PAZ&#8221;, PARTE INTEGRANTE\r\nDAS A\u00c7\u00d5ES INICIADAS NO ANO DE 2010, COM O DANT &#8211; DOEN\u00c7AS E AGRAVOS N\u00c3O\r\nTRANSMISS\u00cdVEIS, E COM CONTINUIDADE NOS ANOS SEGUINTES.","indexacao":"","observacao":"","resultado":"","texto_original":"http://sapl.lagoadaprata.mg.leg.br/media/sapl/public/materialegislativa/2014/3897/3897_texto_integral.pdf","data_ultima_atualizacao":"2018-07-24T14:23:44.885176-03:00","ip":"","ultima_edicao":null,"tipo":3,"regime_tramitacao":1,"tipo_origem_externa":null,"local_origem_externa":null,"user":null,"anexadas":[],"autores":[26]}