{"id":4002,"__str__":"Requerimento n\u00ba 25 de 2015","link_detail_backend":"/materia/4002","metadata":{},"numero":25,"ano":2015,"numero_protocolo":null,"data_apresentacao":"2015-03-02","tipo_apresentacao":"E","data_publicacao":null,"numero_origem_externa":"","ano_origem_externa":null,"data_origem_externa":null,"apelido":"","dias_prazo":null,"data_fim_prazo":null,"em_tramitacao":false,"polemica":false,"objeto":"","complementar":false,"ementa":"O VEREADOR INFRA-ASSINADO, NA FORMA REGIMENTAL, REQUER A VOSSA  EXCEL\u00caNCIA, CONSULTADO O PLEN\u00c1RIO, SEJA ENVIADO OF\u00cdCIO AO ILUSTRE REPRESENTANTE DO MINIST\u00c9RIO P\u00daBLICO DE MINAS GERAIS - CURADORIA DO  PATRIM\u00d4NIO P\u00daBLICO, DR.LU\u00cdS AUGUSTO DE REZENDE PENA, LEVANDO AO CONHECIMENTO DO MESMO E SOLICITANDO QUE VERIFIQUE JUNTO AO EXECUTIVO MUNICIPAL SE S\u00c3O VERDADEIRAS, INFORMA\u00c7\u00d5ES A RESPEITO DO \u00daLTIMO   CONCURSO P\u00daBLICO, RELATANDO AS IRREGULARIDADES RELACIONADAS AO CERTAME, NOTICIADAS POR INTERESSADOS QUE ME PROCURARAM, TENDO EM   VISTA QUE AQUELES QUE PRESTARAM O CONCURSO E FORAM APROVADOS N\u00c3O   FORAM NOMEADOS AT\u00c9 O MOMENTO E A ADMINISTRA\u00c7\u00c3O MUNICIPAL EST\u00c1 CONTRATANDO TEMPORARIAMENTE MAIS SERVIDORES, EM VEZ DE NOMEAR OS QUE EST\u00c3O AGUARDANDO.\r\nAL\u00c9M DOS CONTRATOS TEMPOR\u00c1RIOS, EST\u00c1 HAVENDO DOBRA DE JORNADA DE   SERVIDORES (EXEMPLO: SERVIDOR QUE TRABALHA PELA MANH\u00c3 EM SEU CARGO EFETIVO, TRABALHA TAMB\u00c9M \u00c0 TARDE E RECEBE APENAS AS HORAS TRABALHADAS, O QUE RESULTA EM UMA ECONOMIA PARA O MUNIC\u00cdPIO, MAS PREJUDICA OS APROVADOS NO REFERIDO CONCURSO).\r\nRESSALTO QUE O CONCURSO VENCE NO DIA 05 DE JUNHO DE 2015,PORTANTO,  DEVE SE TOMAR PROVID\u00caNCIAS O MAIS R\u00c1PIDO POSS\u00cdVEL, PARA QUE AQUELES QUE EST\u00c3O AGUARDANDO TENHAM A OPORTUNIDADE DE SEREM NOMEADOS.","indexacao":"","observacao":"","resultado":"","texto_original":"http://sapl.lagoadaprata.mg.leg.br/media/sapl/public/materialegislativa/2015/4002/4002_texto_integral.pdf","data_ultima_atualizacao":"2018-07-24T14:23:47.974917-03:00","ip":"","ultima_edicao":null,"tipo":3,"regime_tramitacao":1,"tipo_origem_externa":null,"local_origem_externa":null,"user":null,"anexadas":[],"autores":[4]}