{"id":4006,"__str__":"Requerimento n\u00ba 29 de 2015","link_detail_backend":"/materia/4006","metadata":{},"numero":29,"ano":2015,"numero_protocolo":null,"data_apresentacao":"2015-03-02","tipo_apresentacao":"E","data_publicacao":null,"numero_origem_externa":"","ano_origem_externa":null,"data_origem_externa":null,"apelido":"","dias_prazo":null,"data_fim_prazo":null,"em_tramitacao":false,"polemica":false,"objeto":"","complementar":false,"ementa":"O VEREADOR INFRA-ASSINADO, NA FORMA REGIMENTAL, REQUER A VOSSA EXCEL\u00caNCIA, CONSULTADO O PLEN\u00c1RIO, SEJA ENVIADO OF\u00cdCIO AO CHEFE DO PODER EXECUTIVO MUNICIPAL, ENCAMINHANDO O PRESENTE REQUERIMENTO QUE   SOLICITA AO SECRET\u00c1RIO DE DESENVOLVIMENTO ECON\u00d4MICO, QUE INFORME E ENVIE A ESTA CASA O SEGUINTE:\r\n&#61623; QUAIS FORAM OS CURSOS OFERECIDOS PELO PRONATEC PARA O MUNIC\u00cdPIO NO ANO\r\nDE 2014 E QUAIS SE PRETENDE TRAZER PARA O ANO DE 2015;\r\n&#61623; RELAT\u00d3RIO CONTENDO O NOME DE TODOS OS JOVENS APRENDIZES INSCRITOS E A\r\nEMPRESA QUE EST\u00c3O EXERCENDO AS ATIVIDADES; E \r\n&#61623; ATUALMENTE, QUAL \u00c9 A DEMANDA DE CANDIDATOS INSCRITOS NO JOVEM APRENDIZ.","indexacao":"","observacao":"","resultado":"","texto_original":"http://sapl.lagoadaprata.mg.leg.br/media/sapl/public/materialegislativa/2015/4006/4006_texto_integral.pdf","data_ultima_atualizacao":"2018-07-24T14:23:44.732591-03:00","ip":"","ultima_edicao":null,"tipo":3,"regime_tramitacao":1,"tipo_origem_externa":null,"local_origem_externa":null,"user":null,"anexadas":[],"autores":[28]}