{"id":4030,"__str__":"Requerimento n\u00ba 53 de 2015","link_detail_backend":"/materia/4030","metadata":{},"numero":53,"ano":2015,"numero_protocolo":null,"data_apresentacao":"2015-04-06","tipo_apresentacao":"E","data_publicacao":null,"numero_origem_externa":"","ano_origem_externa":null,"data_origem_externa":null,"apelido":"","dias_prazo":null,"data_fim_prazo":null,"em_tramitacao":false,"polemica":false,"objeto":"","complementar":false,"ementa":"O VEREADOR INFRA-ASSINADO,  NA  FORMA  REGIMENTAL,  REQUER  A  VOSSA\r\nEXCEL\u00caNCIA, CONSULTADO O PLEN\u00c1RIO, SEJAM DISPENSADAS AS EXIG\u00caNCIAS REGIMENTAIS,\r\nPARA QUE OS PROJETOS DE LEI EM-75, 76 E 78/2015, QUE &#8220;ABREM CR\u00c9DITOS AO\r\nOR\u00c7AMENTO VIGENTE DO MUNIC\u00cdPIO DE LAGOA DA PRATA&#8221;, SEJAM APRECIADOS\r\nEM DISCUSS\u00c3O E VOTA\u00c7\u00c3O \u00daNICA NA PRESENTE REUNI\u00c3O.\r\nREQUER AINDA QUE O PROJETO DE LEI COMPLEMENTAR CM-01/2015, QUE\r\n&#8220;AUTORIZA A C\u00c2MARA MUNICIPAL DE LAGOA DA PRATA CONTRATAR MENOR\r\nAPRENDIZ&#8221;, SEJA APRECIADO EM SEGUNDA DISCUSS\u00c3O E VOTA\u00c7\u00c3O NA PRESENTE REUNI\u00c3O.","indexacao":"","observacao":"","resultado":"","texto_original":"http://sapl.lagoadaprata.mg.leg.br/media/sapl/public/materialegislativa/2015/4030/4030_texto_integral.pdf","data_ultima_atualizacao":"2018-07-24T14:23:43.235276-03:00","ip":"","ultima_edicao":null,"tipo":3,"regime_tramitacao":1,"tipo_origem_externa":null,"local_origem_externa":null,"user":null,"anexadas":[],"autores":[28]}