{"id":4044,"__str__":"Requerimento n\u00ba 67 de 2015","link_detail_backend":"/materia/4044","metadata":{},"numero":67,"ano":2015,"numero_protocolo":null,"data_apresentacao":"2015-04-22","tipo_apresentacao":"E","data_publicacao":null,"numero_origem_externa":"","ano_origem_externa":null,"data_origem_externa":null,"apelido":"","dias_prazo":null,"data_fim_prazo":null,"em_tramitacao":false,"polemica":false,"objeto":"","complementar":false,"ementa":"O VEREADOR INFRA-ASSINADO, NA FORMA REGIMENTAL, REQUER A VOSSA EXCEL\u00caNCIA,\r\nCONSULTADO O PLEN\u00c1RIO, SEJAM DISPENSADAS AS EXIG\u00caNCIAS REGIMENTAIS, PARA QUE OS\r\nPROJETOS DE LEI  EM-093 E 094/2015, QUE &#8220;ABREM CR\u00c9DITOS ESPECIAIS AO\r\nOR\u00c7AMENTO VIGENTE DO MUNIC\u00cdPIO DE LAGOA DA PRATA&#8221;; E\r\nO PROJETO DE LEI EM-96/2015 QUE &#8220;ABRE CR\u00c9DITO SUPLEMENTAR AO\r\nOR\u00c7AMENTO VIGENTE DO MUNIC\u00cdPIO DE LAGOA DA PRATA E CONT\u00c9M\r\nOUTRAS PROVID\u00caNCIAS&#8221;;\r\nSEJAM APRECIADOS EM DISCUSS\u00c3O E VOTA\u00c7\u00c3O \u00daNICA NA PRESENTE REUNI\u00c3O.\r\nREQUER AINDA, QUE  O PROJETO DE LEI EM-091/2015 QUE &#8220;AUTORIZA O\r\nEXECUTIVO MUNICIPAL A CONCEDER CONTRIBUI\u00c7\u00c3O AO COLEGIADO DE\r\nGESTORES MUNICIPAIS DA ASSIST\u00caNCIA SOCIAL DO ESTADO DE MINAS\r\nGERAIS &#8211; COGEMAS&#8221;,  SEJA APRECIADO EM SEGUNDA DISCUSS\u00c3O E VOTA\u00c7\u00c3O NA\r\nPRESENTE REUNI\u00c3O.","indexacao":"","observacao":"","resultado":"","texto_original":"http://sapl.lagoadaprata.mg.leg.br/media/sapl/public/materialegislativa/2015/4044/4044_texto_integral.pdf","data_ultima_atualizacao":"2018-07-24T14:23:45.003794-03:00","ip":"","ultima_edicao":null,"tipo":3,"regime_tramitacao":1,"tipo_origem_externa":null,"local_origem_externa":null,"user":null,"anexadas":[],"autores":[28]}