{"id":4069,"__str__":"Requerimento n\u00ba 92 de 2015","link_detail_backend":"/materia/4069","metadata":{},"numero":92,"ano":2015,"numero_protocolo":null,"data_apresentacao":"2015-05-11","tipo_apresentacao":"E","data_publicacao":null,"numero_origem_externa":"","ano_origem_externa":null,"data_origem_externa":null,"apelido":"","dias_prazo":null,"data_fim_prazo":null,"em_tramitacao":false,"polemica":false,"objeto":"","complementar":false,"ementa":"OS VEREADORES INFRA-ASSINADOS, NA FORMA REGIMENTAL, REQUEREM A VOSSA EXCEL\u00caNCIA,\r\nCONSULTADO O PLEN\u00c1RIO, SEJA ENVIADO OF\u00cdCIO AO CHEFE DO PODER EXECUTIVO MUNICIPAL,\r\nENCAMINHANDO O PRESENTE REQUERIMENTO QUE SOLICITA AO ILUSTRE SECRET\u00c1RIO MUNICIPAL DE\r\nADMINISTRA\u00c7\u00c3O E GOVERNO, JOS\u00c9 OCTAVIANO ZEZINHO RIBEIRO, QUE INFORME A ESTA CASA SE H\u00c1\r\nPOSSIBILIDADE DE SE DESLOCAR UM ESTAGI\u00c1RIO DA \u00c1REA DE JORNALISMO OU PUBLICIDADE PARA A\r\nASSOCIA\u00c7\u00c3O DE PROTE\u00c7\u00c3O E ASSIST\u00caNCIA AO CONDENADO &#8211; APAC, HAJA VISTA QUE OS\r\nRECUPERANDOS QUEREM DIVULGAR SEUS TRABALHOS REALIZADOS NA INSTITUI\u00c7\u00c3O.\r\nJUSTIFICATIVA:","indexacao":"","observacao":"","resultado":"","texto_original":"http://sapl.lagoadaprata.mg.leg.br/media/sapl/public/materialegislativa/2015/4069/4069_texto_integral.pdf","data_ultima_atualizacao":"2018-07-24T14:23:44.304765-03:00","ip":"","ultima_edicao":null,"tipo":3,"regime_tramitacao":1,"tipo_origem_externa":null,"local_origem_externa":null,"user":null,"anexadas":[],"autores":[24]}