{"id":4071,"__str__":"Requerimento n\u00ba 94 de 2015","link_detail_backend":"/materia/4071","metadata":{},"numero":94,"ano":2015,"numero_protocolo":null,"data_apresentacao":"2015-05-11","tipo_apresentacao":"E","data_publicacao":null,"numero_origem_externa":"","ano_origem_externa":null,"data_origem_externa":null,"apelido":"","dias_prazo":null,"data_fim_prazo":null,"em_tramitacao":false,"polemica":false,"objeto":"","complementar":false,"ementa":"OS VEREADORES INFRA-ASSINADOS, NA FORMA REGIMENTAL, REQUEREM A VOSSA\r\nEXCEL\u00caNCIA, CONSULTADO O PLEN\u00c1RIO, SEJA ENVIADO OF\u00cdCIO AO CHEFE DO PODER EXECUTIVO\r\nMUNICIPAL ENCAMINHANDO O PRESENTE REQUERIMENTO, FRUTO DO TRABALHO DOS\r\nVEREADORES MIRINS DA ESCOLA ESTADUAL JOS\u00c9 TEOT\u00d4NIO DE CASTRO, QUE SOLICITA\r\nAOS ILUSTRES SECRET\u00c1RIOS MUNICIPAIS ABAIXO MENCIONADOS, CADA UM EM SUA RESPECTIVA\r\n\u00c1REA DE ATUA\u00c7\u00c3O, QUE INFORMEM O SEGUINTE:\r\n1&#8211; SECRET\u00c1RIO DE MEIO AMBIENTE:\r\nSE H\u00c1 POSSIBILIDADE DE SE REALIZAR A LIMPEZA, REFORMA E REFLORESTAMENTO DAS\r\nPRA\u00c7AS P\u00daBLICAS DO MUNIC\u00cdPIO DE LAGOA DA PRATA.\r\n2 &#8211; SECRET\u00c1RIO MUNICIPAL DE ADMINISTRA\u00c7\u00c3O E GOVERNO:\r\nSE H\u00c1 POSSIBILIDADE DE SE REALIZAR CAMPANHA DE CONSCIENTIZA\u00c7\u00c3O SOBRE A\r\nCOLETA SELETIVA DE MATERIAIS RECICL\u00c1VEIS QUE A ASSOCIA\u00c7\u00c3O DOS CATADORES DE LAGOA DA\r\nPRATA &#8211; ASCALP REALIZA NO MMUNIC\u00cdPIO DE LAGOA DA PRATA.\r\n3 &#8211; SECRET\u00c1RIO DE OBRAS E URBANISMO:\r\nA) SE H\u00c1 POSSIBILIDADE DE SE COLOCAR LUMIN\u00c1RIAS E AS RESPECTIVAS L\u00c2MPADAS\r\nNOS POSTES DE ILUMINA\u00c7\u00c3O P\u00daBLICA DO MUNIC\u00cdPIO;\r\nB) SE H\u00c1 POSSIBILIDADE DE SE INSTALAR NA \u00c1REA INTERNA DA PRAIA MUNICIPAL\r\nPLAYGROUND INFANTIL.","indexacao":"","observacao":"","resultado":"","texto_original":"http://sapl.lagoadaprata.mg.leg.br/media/sapl/public/materialegislativa/2015/4071/4071_texto_integral.pdf","data_ultima_atualizacao":"2018-07-24T14:23:44.473993-03:00","ip":"","ultima_edicao":null,"tipo":3,"regime_tramitacao":1,"tipo_origem_externa":null,"local_origem_externa":null,"user":null,"anexadas":[],"autores":[27,11,28,22,29,4,24,25,26]}