{"id":4107,"__str__":"Requerimento n\u00ba 130 de 2015","link_detail_backend":"/materia/4107","metadata":{},"numero":130,"ano":2015,"numero_protocolo":null,"data_apresentacao":"2015-06-15","tipo_apresentacao":"E","data_publicacao":null,"numero_origem_externa":"","ano_origem_externa":null,"data_origem_externa":null,"apelido":"","dias_prazo":null,"data_fim_prazo":null,"em_tramitacao":false,"polemica":false,"objeto":"","complementar":false,"ementa":"OS  VEREADORES  INFRA-ASSINADOS,  NA  FORMA  REGIMENTAL,  REQUER  A  VOSSA\r\nEXCEL\u00caNCIA, CONSULTADO O PLEN\u00c1RIO, SEJA ENVIADO OF\u00cdCIO AO CHEFE DO PODER EXECUTIVO\r\nMUNICIPAL ENCAMINHANDO O PRESENTE REQUERIMENTO, QUE SOLICITA AO SECRET\u00c1RIO DE\r\nADMINISTRA\u00c7\u00c3O E GOVERNO QUE INFORME A ESTA CASA SE H\u00c1 POSSIBILIDADE DE SE ENVIAR\r\nPROJETO DE LEI REGULAMENTANDO A JORNADA DE TRABALHO DE 6 HORAS DI\u00c1RIAS PARA TODOS\r\nOS EMPREGADOS P\u00daBLICOS MUNICIPAIS.","indexacao":"","observacao":"","resultado":"","texto_original":"http://sapl.lagoadaprata.mg.leg.br/media/sapl/public/materialegislativa/2015/4107/4107_texto_integral.pdf","data_ultima_atualizacao":"2018-07-24T14:23:48.075803-03:00","ip":"","ultima_edicao":null,"tipo":3,"regime_tramitacao":1,"tipo_origem_externa":null,"local_origem_externa":null,"user":null,"anexadas":[],"autores":[27,28]}