{"id":4115,"__str__":"Requerimento n\u00ba 138 de 2015","link_detail_backend":"/materia/4115","metadata":{},"numero":138,"ano":2015,"numero_protocolo":null,"data_apresentacao":"2015-06-29","tipo_apresentacao":"E","data_publicacao":null,"numero_origem_externa":"","ano_origem_externa":null,"data_origem_externa":null,"apelido":"","dias_prazo":null,"data_fim_prazo":null,"em_tramitacao":false,"polemica":false,"objeto":"","complementar":false,"ementa":"A VEREADORA INFRA-ASSINADA, NA FORMA REGIMENTAL, REQUER A VOSSA EXCEL\u00caNCIA,\r\nCONSULTADO  O  PLEN\u00c1RIO,  SEJA  ENVIADO  OF\u00cdCIO  AO SR.  JOS\u00c9 RAIMUNDO DE REZENDE,\r\nPRESIDENTE DA ASSOCIA\u00c7\u00c3O COMERCIAL E EMPRESARIAL - ACE DE LAGOA DA PRATA, PARA QUE\r\nO MESMO INFORME A ESTA CASA SE H\u00c1 POSSIBILIDADE DE SE CONVIDAR O CORAL DA\r\nEMBAR\u00c9, PARA SE APRESENTAR NO EVENTO REALIZADO ANUALMENTE PELA MENCIONADA\r\nASSOCIA\u00c7\u00c3O EM COMEMORA\u00c7\u00c3O AS FESTAS DE FIM DE ANO.","indexacao":"","observacao":"","resultado":"","texto_original":"http://sapl.lagoadaprata.mg.leg.br/media/sapl/public/materialegislativa/2015/4115/4115_texto_integral.pdf","data_ultima_atualizacao":"2018-07-24T14:23:43.680421-03:00","ip":"","ultima_edicao":null,"tipo":3,"regime_tramitacao":1,"tipo_origem_externa":null,"local_origem_externa":null,"user":null,"anexadas":[],"autores":[26]}