{"id":4167,"__str__":"Requerimento n\u00ba 174 de 2015","link_detail_backend":"/materia/4167","metadata":{},"numero":174,"ano":2015,"numero_protocolo":null,"data_apresentacao":"2015-08-10","tipo_apresentacao":"E","data_publicacao":null,"numero_origem_externa":"","ano_origem_externa":null,"data_origem_externa":null,"apelido":"","dias_prazo":null,"data_fim_prazo":null,"em_tramitacao":false,"polemica":false,"objeto":"","complementar":false,"ementa":"O VEREADOR INFRA-ASSINADO, NA FORMA REGIMENTAL, REQUER A VOSSA EXCEL\u00caNCIA,\r\nCONSULTADO O PLEN\u00c1RIO,  SEJA ENVIADO OF\u00cdCIO AO EXMO. SENHOR JUIZ DA 1\u00aa VARA DA\r\nCOMARCA DE LAGOA DA PRATA, DR. ALOYSIO LIBANO DE PAULA JUNIOR, SOLICITANDO-\r\nHE QUE INFORME A ESTA CASA SE H\u00c1 PREVIS\u00c3O PARA O JULGAMENTO PROCESSO DE N.\u00ba\r\n0006751-68.2010.8.13.0372, A\u00c7\u00c3O CIVIL P\u00daBLICA, CUJOS R\u00c9US S\u00c3O O EX PREFEITO E O EX\r\nSECRET\u00c1RIO DE ADMINISTRA\u00c7\u00c3O E GOVERNO DO MUNIC\u00cdPIO DE LAGOA DA PRATA, PELO\r\nTRIBUNAL   DE   JUSTI\u00c7A   DO   ESTADO   DE   MINAS   GERAIS,   TENDO   EM   VISTA   QUE   HOUVE\r\nCONDENA\u00c7\u00c3O EM PRIMEIRA INST\u00c2NCIA E OS R\u00c9US RECORRERAM AO TJMG.","indexacao":"","observacao":"","resultado":"","texto_original":"http://sapl.lagoadaprata.mg.leg.br/media/sapl/public/materialegislativa/2015/4167/4167_texto_integral.pdf","data_ultima_atualizacao":"2018-07-24T14:23:46.844890-03:00","ip":"","ultima_edicao":null,"tipo":3,"regime_tramitacao":1,"tipo_origem_externa":null,"local_origem_externa":null,"user":null,"anexadas":[],"autores":[27]}