{"id":4423,"__str__":"Requerimento n\u00ba 223 de 2015","link_detail_backend":"/materia/4423","metadata":{},"numero":223,"ano":2015,"numero_protocolo":null,"data_apresentacao":"2015-10-05","tipo_apresentacao":"E","data_publicacao":null,"numero_origem_externa":"","ano_origem_externa":null,"data_origem_externa":null,"apelido":"","dias_prazo":null,"data_fim_prazo":null,"em_tramitacao":false,"polemica":false,"objeto":"","complementar":false,"ementa":"O  VEREADOR  INFRA-ASSINADO,  NA  FORMA  REGIMENTAL,  REQUER  A  VOSSA  EXCEL\u00caNCIA,\r\nCONSULTADO  O  PLEN\u00c1RIO,QUE SEJA  ENVIADO OF\u00cdCIO \u00c0 DIRETORIA DA EMBAR\u00c9 IND\u00daSTRIAS\r\nALIMENT\u00cdCIAS S/A, NA PESSOA DO ILUSTRE SR. DIOMEDES ALVES PINTO, DIRETOR DE\r\nADMINISTRA\u00c7\u00c3O E LOG\u00cdSTICA, SOLICITANDO AO MESMO QUE INFORME A ESTA CASA SE H\u00c1\r\nPOSSIBILIDADE DO CORAL DA REFERIDA EMPRESA COLOCAR VOZ AO HINO OFICIAL DO MUNIC\u00cdPIO\r\nDE LAGOA DA PRATA.","indexacao":"","observacao":"","resultado":"","texto_original":"http://sapl.lagoadaprata.mg.leg.br/media/sapl/public/materialegislativa/2015/4423/4423_texto_integral.pdf","data_ultima_atualizacao":"2018-07-24T14:23:46.835136-03:00","ip":"","ultima_edicao":null,"tipo":3,"regime_tramitacao":1,"tipo_origem_externa":null,"local_origem_externa":null,"user":null,"anexadas":[],"autores":[25]}