{"id":4577,"__str__":"Requerimento n\u00ba 256 de 2015","link_detail_backend":"/materia/4577","metadata":{},"numero":256,"ano":2015,"numero_protocolo":null,"data_apresentacao":"2015-11-09","tipo_apresentacao":"E","data_publicacao":null,"numero_origem_externa":"","ano_origem_externa":null,"data_origem_externa":null,"apelido":"","dias_prazo":null,"data_fim_prazo":null,"em_tramitacao":false,"polemica":false,"objeto":"","complementar":false,"ementa":"A  VEREADORA  INFRA-ASSINADA,  NA  FORMA  REGIMENTAL,  REQUER  A  VOSSA\r\nEXCEL\u00caNCIA,  CONSULTADO  O  PLEN\u00c1RIO,  SEJAM  DISPENSADAS  AS  EXIG\u00caNCIAS  REGIMENTAIS\r\nPARA QUEO PROJETO DE LEI EM 260/2015, QUE &#8220;AUTORIZA O MUNIC\u00cdPIO DE LAGOA\r\nDA PRATA A DOAR IM\u00d3VEL QUE MENCIONA E CONT\u00c9M OUTRAS\r\nPROVID\u00caNCIAS&#8221;,O  PROJETO DE LEI  COMPLEMENTAR N\u00ba 14/2015, QUE &#8220;ACRESCENTA\r\nDISPOSITIVO NA LEI COMPLEMENTAR MUNICIPAL N.\u00ba 005/1991 QUE INSTITUI\r\nO C\u00d3DIGO DE POSTURAS DO MUNIC\u00cdPIO DE LAGOA DA PRATA&#8221; E O PROJETO DE\r\nRESOLU\u00c7\u00c3O N\u00ba 09/2015, QUE &#8220;ALTERAA RESOLU\u00c7\u00c3O N.\u00ba 672/2013 QUE &#8220;INSTITUI O\r\nPROGRAMA C\u00c2MARA MIRIM NA C\u00c2MARA MUNICIPAL DE LAGOA DA PRATA&#8221;,\r\nSEJAM APRECIADOS EMSEGUNDA DISCUSS\u00c3O E VOTA\u00c7\u00c3O NA PRESENTE REUNI\u00c3O.","indexacao":"","observacao":"","resultado":"","texto_original":"http://sapl.lagoadaprata.mg.leg.br/media/sapl/public/materialegislativa/2015/4577/4577_texto_integral.pdf","data_ultima_atualizacao":"2018-07-24T14:23:45.098658-03:00","ip":"","ultima_edicao":null,"tipo":3,"regime_tramitacao":1,"tipo_origem_externa":null,"local_origem_externa":null,"user":null,"anexadas":[],"autores":[26]}