{"id":4587,"__str__":"Requerimento n\u00ba 269 de 2015","link_detail_backend":"/materia/4587","metadata":{},"numero":269,"ano":2015,"numero_protocolo":null,"data_apresentacao":"2015-11-23","tipo_apresentacao":"E","data_publicacao":null,"numero_origem_externa":"","ano_origem_externa":null,"data_origem_externa":null,"apelido":"","dias_prazo":null,"data_fim_prazo":null,"em_tramitacao":false,"polemica":false,"objeto":"","complementar":false,"ementa":"A VEREADORA INFRA-ASSINADA, NA FORMA REGIMENTAL, REQUER A VOSSA EXCEL\u00caNCIA,\r\nCONSULTADO O PLEN\u00c1RIO, SEJA ENVIADO OF\u00cdCIO AODIRETOR DO SERVI\u00c7O AUT\u00d4NOMO DE \u00c1GUA E\r\nESGOTO DE LAGOA DA PRATA &#8211; SAAE-LP, ENCAMINHANDO  O  PRESENTE  REQUERIMENTO  QUE\r\nSOLICITA  AOMESMO QUEENVIE A  ESTA  CASA C\u00d3PIA DO LAUDO OU OUTRO DOCUMENTO,\r\nELABORADO PELA EMPRESA CONTRATADA PELA AUTARQUIA MUNICIPAL PARA REALIZAR ESTUDOS\r\nSOBRE A VIABILIDADE OU N\u00c3O, DA ALTERA\u00c7\u00c3O DO SISTEMA DE COBRAN\u00c7A DAS FATURAS DE \u00c1GUA\r\nE ESGOTO DO MUNIC\u00cdPIO, OU SEJA, SE \u00c9 VI\u00c1VEL OU N\u00c3O A ADO\u00c7\u00c3O DA COBRAN\u00c7A POR\r\nCONSUMO REAL.","indexacao":"","observacao":"","resultado":"","texto_original":"http://sapl.lagoadaprata.mg.leg.br/media/sapl/public/materialegislativa/2015/4587/4587_texto_integral.pdf","data_ultima_atualizacao":"2018-07-24T14:23:44.020398-03:00","ip":"","ultima_edicao":null,"tipo":3,"regime_tramitacao":1,"tipo_origem_externa":null,"local_origem_externa":null,"user":null,"anexadas":[],"autores":[22]}