{"id":4669,"__str__":"Requerimento n\u00ba 3 de 2016","link_detail_backend":"/materia/4669","metadata":{},"numero":3,"ano":2016,"numero_protocolo":null,"data_apresentacao":"2016-01-25","tipo_apresentacao":"E","data_publicacao":null,"numero_origem_externa":"","ano_origem_externa":null,"data_origem_externa":null,"apelido":"","dias_prazo":null,"data_fim_prazo":null,"em_tramitacao":false,"polemica":false,"objeto":"","complementar":false,"ementa":"O  VEREADOR  INFRA-ASSINADO,  NA  FORMA  REGIMENTAL,  REQUER  A  VOSSA\r\nEXCEL\u00caNCIA,  CONSULTADO  O  PLEN\u00c1RIO,  SEJAM  DISPENSADAS  AS  EXIG\u00caNCIAS  REGIMENTAIS\r\nPARA QUEO PROJETO DE LEI EM N\u00ba 02/2016 QUE &#8220;ABRE CR\u00c9DITO ESPECIAL AO\r\nOR\u00c7AMENTO VIGENTE DO MUNIC\u00cdPIO DE LAGOA DA PRATA E CONT\u00c9M\r\nOUTRAS PROVID\u00caNCIAS&#8221;, BEM COMO O PROJETO DE LEI EM N\u00ba 03/2016 QUE &#8220;ABRE\r\nCR\u00c9DITO ESPECIAL AO OR\u00c7AMENTO VIGENTE DO MUNIC\u00cdPIO DE LAGOA DA\r\nPRATA E CONT\u00c9M OUTRAS PROVID\u00caNCIAS&#8221;, SEJAM APRECIADOS EMDISCUSS\u00c3O E\r\nVOTA\u00c7\u00c3O \u00daNICA NA PRESENTE REUNI\u00c3O","indexacao":"","observacao":"","resultado":"","texto_original":"http://sapl.lagoadaprata.mg.leg.br/media/sapl/public/materialegislativa/2016/4669/4669_texto_integral.pdf","data_ultima_atualizacao":"2018-07-24T14:23:43.057313-03:00","ip":"","ultima_edicao":null,"tipo":3,"regime_tramitacao":1,"tipo_origem_externa":null,"local_origem_externa":null,"user":null,"anexadas":[],"autores":[]}