{"id":4679,"__str__":"Requerimento n\u00ba 6 de 2016","link_detail_backend":"/materia/4679","metadata":{},"numero":6,"ano":2016,"numero_protocolo":null,"data_apresentacao":"2016-02-02","tipo_apresentacao":"E","data_publicacao":null,"numero_origem_externa":"","ano_origem_externa":null,"data_origem_externa":null,"apelido":"","dias_prazo":null,"data_fim_prazo":null,"em_tramitacao":false,"polemica":false,"objeto":"","complementar":false,"ementa":"O  VEREADOR  INFRA-ASSINADO,  NA  FORMA  REGIMENTAL,  REQUER  A  VOSSA  EXCEL\u00caNCIA,\r\nCONSULTADO  O  PLEN\u00c1RIO, SEJA ENVIADO OF\u00cdCIO AO DEPUTADO FEDERAL JAIMINHO MARTINS,\r\nSOLICITANDO AO MESMO QUE ENVIDE ESFOR\u00c7OS PARA O ENVIO DE RECURSOS, SEJA POR MEIO\r\nEMENDA PARLAMENTAR OU POR OUTROS MEIOS DISPON\u00cdVEIS, PARA A CONSTRU\u00c7\u00c3O DE SEDE\r\nPR\u00d3PRIA PARA A ASSOCIA\u00c7\u00c3O FRANCISCO DE ASSIS - AFA, SEDIADA NESTA CIDADE.","indexacao":"","observacao":"","resultado":"","texto_original":"http://sapl.lagoadaprata.mg.leg.br/media/sapl/public/materialegislativa/2016/4679/4679_texto_integral.pdf","data_ultima_atualizacao":"2018-07-24T14:23:45.639041-03:00","ip":"","ultima_edicao":null,"tipo":3,"regime_tramitacao":1,"tipo_origem_externa":null,"local_origem_externa":null,"user":null,"anexadas":[],"autores":[11]}