{"id":4685,"__str__":"Requerimento n\u00ba 12 de 2016","link_detail_backend":"/materia/4685","metadata":{},"numero":12,"ano":2016,"numero_protocolo":null,"data_apresentacao":"2016-02-02","tipo_apresentacao":"E","data_publicacao":null,"numero_origem_externa":"","ano_origem_externa":null,"data_origem_externa":null,"apelido":"","dias_prazo":null,"data_fim_prazo":null,"em_tramitacao":false,"polemica":false,"objeto":"","complementar":false,"ementa":"A  VEREADORA  INFRA-ASSINADA,  NA  FORMA  REGIMENTAL,  REQUER  A  VOSSA\r\nEXCEL\u00caNCIA,  CONSULTADO  O  PLEN\u00c1RIO,  SEJAM  DISPENSADAS  AS  EXIG\u00caNCIAS  REGIMENTAIS\r\nPARA QUEOS PROJETOS DE LEI EM N\u00ba 06 E 07 DE 2016 QUE &#8220;ABREM CR\u00c9DITO\r\nESPECIAL AO OR\u00c7AMENTO VIGENTE DO MUNIC\u00cdPIO DE LAGOA DA PRATA E\r\nCONT\u00c9M OUTRAS PROVID\u00caNCIAS&#8221;, BEM COMO O PROJETOS DE LEI EM 08 E\r\n09/2016 QUE &#8220;ABREM CR\u00c9DITO SUPLEMENTAR AO OR\u00c7AMENTO VIGENTE DO\r\nMUNIC\u00cdPIO DE LAGOA DA PRATA E CONT\u00c9M OUTRAS PROVID\u00caNCIAS&#8221;, SEJAM\r\nAPRECIADOS EMDISCUSS\u00c3O E VOTA\u00c7\u00c3O \u00daNICA NA PRESENTE REUNI\u00c3O.","indexacao":"","observacao":"","resultado":"","texto_original":"http://sapl.lagoadaprata.mg.leg.br/media/sapl/public/materialegislativa/2016/4685/4685_texto_integral.pdf","data_ultima_atualizacao":"2018-07-24T14:23:48.037761-03:00","ip":"","ultima_edicao":null,"tipo":3,"regime_tramitacao":1,"tipo_origem_externa":null,"local_origem_externa":null,"user":null,"anexadas":[],"autores":[26]}