{"id":4737,"__str__":"Requerimento n\u00ba 53 de 2016","link_detail_backend":"/materia/4737","metadata":{},"numero":53,"ano":2016,"numero_protocolo":null,"data_apresentacao":"2016-03-28","tipo_apresentacao":"E","data_publicacao":null,"numero_origem_externa":"","ano_origem_externa":null,"data_origem_externa":null,"apelido":"","dias_prazo":null,"data_fim_prazo":null,"em_tramitacao":false,"polemica":false,"objeto":"","complementar":false,"ementa":"O VEREADOR INFRA-ASSINADO, NA FORMA REGIMENTAL, REQUER A VOSSA EXCEL\u00caNCIA,\r\nCONSULTADO O PLEN\u00c1RIO, SEJAM DISPENSADAS AS EXIG\u00caNCIAS REGIMENTAIS PARA QUE OS\r\nPROJETOS DE LEI EM N\u00ba 11/2016, QUE &#8220;AUTORIZA O EXECUTIVO A CONCEDER\r\nSUBVEN\u00c7\u00c3O SOCIAL \u00c0 ENTIDADE QUE MENCIONA E CONT\u00c9M OUTRAS\r\nPROVID\u00caNCIAS&#8221;;EM N.\u00ba 41/2016, QUE &#8220;ALTERA A LEI N.\u00ba 457/1991, QUE INSTITUI\r\nO FUNDO MUNICIPAL DE SA\u00daDE E D\u00c1 OUTRAS PROVID\u00caNCIAS&#8221;; E EM N.\u00ba\r\n42/2016, QUE &#8220;ALTERA A LEI N.\u00ba 1864/2010, QUE INSTITUI A POL\u00cdTICA\r\nMUNICIPAL DE DEFESA DAS PESSOAS COM DEFICI\u00caNCIA E D\u00c1 OUTRAS\r\nPROVID\u00caNCIAS&#8221;, SEJAM APRECIADOS EM SEGUNDA DISCUSS\u00c3O E VOTA\u00c7\u00c3O NA PRESENTE\r\nREUNI\u00c3O.","indexacao":"","observacao":"","resultado":"","texto_original":"http://sapl.lagoadaprata.mg.leg.br/media/sapl/public/materialegislativa/2016/4737/4737_texto_integral.pdf","data_ultima_atualizacao":"2018-07-24T14:23:44.989183-03:00","ip":"","ultima_edicao":null,"tipo":3,"regime_tramitacao":1,"tipo_origem_externa":null,"local_origem_externa":null,"user":null,"anexadas":[],"autores":[25]}