{"id":4738,"__str__":"Requerimento n\u00ba 54 de 2016","link_detail_backend":"/materia/4738","metadata":{},"numero":54,"ano":2016,"numero_protocolo":null,"data_apresentacao":"2016-03-28","tipo_apresentacao":"E","data_publicacao":null,"numero_origem_externa":"","ano_origem_externa":null,"data_origem_externa":null,"apelido":"","dias_prazo":null,"data_fim_prazo":null,"em_tramitacao":false,"polemica":false,"objeto":"","complementar":false,"ementa":"A VEREADORA  INFRA-ASSINADA, NA  FORMA  REGIMENTAL,  REQUER  A  VOSSA  EXCEL\u00caNCIA,\r\nCONSULTADO  O  PLEN\u00c1RIO,  SEJA  ENVIADOOF\u00cdCIO  AO  CHEFE  DO  PODER  EXECUTIVO  MUNICIPAL,\r\nENCAMINHANDO O PRESENTE REQUERIMENTO, QUE SOLICITA AO SECRET\u00c1RIO DE ADMINISTRA -\u00c7\u00c3O E GOVERNO, SR. JOS\u00c9 OCTAVIANO ZEZINHO RIBEIRO, \u00c0 SECRET\u00c1RIA DE FAZENDA, N\u00cdVEA\r\nMARIA DE MELO E \u00c0 SECRET\u00c1RIA MUNICIPAL DE EDUCA\u00c7\u00c3O, PAULENE M\u00c1RCIA ANDRADE E\r\nSILVA, QUE INFORMEM A ESTA CASA, O MOTIVO PELO QUAL A CRECHE PR\u00d3-INF\u00c2NCIA AINDA N\u00c3O\r\nFOI INAUGURADA.","indexacao":"","observacao":"","resultado":"","texto_original":"http://sapl.lagoadaprata.mg.leg.br/media/sapl/public/materialegislativa/2016/4738/4738_texto_integral.pdf","data_ultima_atualizacao":"2018-07-24T14:23:44.262019-03:00","ip":"","ultima_edicao":null,"tipo":3,"regime_tramitacao":1,"tipo_origem_externa":null,"local_origem_externa":null,"user":null,"anexadas":[],"autores":[26]}